{"id":18380,"date":"2023-01-08T19:51:33","date_gmt":"2023-01-08T22:51:33","guid":{"rendered":"https:\/\/chacosintesis.com.ar\/?p=18380"},"modified":"2023-01-08T20:07:53","modified_gmt":"2023-01-08T23:07:53","slug":"sameep-anuncio-que-no-facturara-los-dias-de-turbiedad-del-agua-en-el-centro-y-sudoeste-chaqueno","status":"publish","type":"post","link":"https:\/\/chacosintesis.com.ar\/index.php\/sameep-anuncio-que-no-facturara-los-dias-de-turbiedad-del-agua-en-el-centro-y-sudoeste-chaqueno\/","title":{"rendered":"Sameep anunci\u00f3 que no facturar\u00e1 los d\u00edas de turbiedad del agua en el centro y sudoeste chaque\u00f1o"},"content":{"rendered":"<p>La empresa estatal trabaja para acelerar el proceso de reducci\u00f3n de la turbiedad. El operativo continuar\u00e1 unos d\u00edas hasta normalizar el servicio y como resultante aumentar\u00e1 el caudal de agua en la zona.<\/p>\n<p>Ante la situaci\u00f3n de turbiedad presente en el agua luego de la \u00faltima intervenci\u00f3n en el Segundo Acueducto, la empresa recuerda que los d\u00edas afectados no ser\u00e1n facturados. Tanto las y los usuarios residenciales, como no residenciales ser\u00e1n recompensados a trav\u00e9s de notas de cr\u00e9dito.<br \/>\nPara acelerar el proceso de reducci\u00f3n de la turbiedad en S\u00e1enz Pe\u00f1a, La Tigra, La Clotilde, San Bernardo, Villa \u00c1ngela, Coronel Du Graty y Santa Sylvina Sameep se han intensificado las purgas en v\u00e1lvulas de desag\u00fce del Segundo Acueducto en los tramos troncales Barranqueras &#8211; S\u00e1enz Pe\u00f1a &#8211; Charata. Adem\u00e1s, se contin\u00faa monitoreando peri\u00f3dicamente la calidad del agua que, en los \u00faltimos an\u00e1lisis confirman el descenso paulatino de los niveles de turbiedad. Se estima que este operativo contin\u00fae unos d\u00edas m\u00e1s, hasta normalizar el servicio.<br \/>\nLa situaci\u00f3n se di\u00f3 desde finales de diciembre, luego de los trabajos para aumentar el caudal de agua enviada desde el Segundo Acueducto hacia las localidades del Centro y Sudoeste chaque\u00f1o.<br \/>\n\u201cEste operativo form\u00f3 parte del proceso de los realizados durante 2022 para continuar con el avance de la obra. Si bien al momento se cuenta turbiedad por los sedimentos depositados, con los operativos en ejecuci\u00f3n se eliminar\u00e1 en los pr\u00f3ximos d\u00edas\u201d, explicaron desde Sameep.<br \/>\nEn tanto, como resultado de las intervenciones de diciembre, el aumento del caudal de agua enviada hacia las localidades del sudoeste \u201caument\u00f3 de manera significativa\u201d, destacaron.<\/p>\n<p>Consultas y reclamos<br \/>\nDesde la empresa, recordaron que est\u00e1n disponibles las l\u00edneas telef\u00f3nicas para realizar consultas y reclamos por el servicio, los cuales pueden hacerse de manera telef\u00f3nica a trav\u00e9s del 0800 444 0310 de lunes a viernes de 6.30 a 19.30. y s\u00e1bado y domingo de 7 a 19  o al 362 4687626 (WhatsApp). Fuera de esos horarios, las y los usuarios pueden dejar su mensaje y la empresa se comunicar\u00e1.<\/p>\n<p>Uso del agua<br \/>\nAnte todo, se solicita a las y los vecinos de toda la provincia el cuidado y no derroche del agua, haciendo un uso solidario del recurso. Las y los usuarios pueden colaborar realizando mantenimiento adecuado de piletas, controlando que no hayan p\u00e9rdidas internas, no regando las veredas con agua potable, lavando los autos con baldes y no con manguera.<\/p>\n","protected":false},"excerpt":{"rendered":"<p>La empresa estatal trabaja para acelerar el proceso de reducci\u00f3n de la turbiedad. El operativo continuar\u00e1 unos d\u00edas hasta normalizar el servicio y como resultante aumentar\u00e1 el caudal de agua en la zona. Ante la situaci\u00f3n de turbiedad presente en el agua luego de la \u00faltima intervenci\u00f3n en el Segundo Acueducto, la empresa recuerda que [&hellip;]<\/p>\n","protected":false},"author":1,"featured_media":18381,"comment_status":"closed","ping_status":"closed","sticky":false,"template":"","format":"standard","meta":{"footnotes":""},"categories":[6],"tags":[],"class_list":{"0":"post-18380","1":"post","2":"type-post","3":"status-publish","4":"format-standard","5":"has-post-thumbnail","7":"category-chaco"},"_links":{"self":[{"href":"https:\/\/chacosintesis.com.ar\/index.php\/wp-json\/wp\/v2\/posts\/18380","targetHints":{"allow":["GET"]}}],"collection":[{"href":"https:\/\/chacosintesis.com.ar\/index.php\/wp-json\/wp\/v2\/posts"}],"about":[{"href":"https:\/\/chacosintesis.com.ar\/index.php\/wp-json\/wp\/v2\/types\/post"}],"author":[{"embeddable":true,"href":"https:\/\/chacosintesis.com.ar\/index.php\/wp-json\/wp\/v2\/users\/1"}],"replies":[{"embeddable":true,"href":"https:\/\/chacosintesis.com.ar\/index.php\/wp-json\/wp\/v2\/comments?post=18380"}],"version-history":[{"count":0,"href":"https:\/\/chacosintesis.com.ar\/index.php\/wp-json\/wp\/v2\/posts\/18380\/revisions"}],"wp:featuredmedia":[{"embeddable":true,"href":"https:\/\/chacosintesis.com.ar\/index.php\/wp-json\/wp\/v2\/media\/18381"}],"wp:attachment":[{"href":"https:\/\/chacosintesis.com.ar\/index.php\/wp-json\/wp\/v2\/media?parent=18380"}],"wp:term":[{"taxonomy":"category","embeddable":true,"href":"https:\/\/chacosintesis.com.ar\/index.php\/wp-json\/wp\/v2\/categories?post=18380"},{"taxonomy":"post_tag","embeddable":true,"href":"https:\/\/chacosintesis.com.ar\/index.php\/wp-json\/wp\/v2\/tags?post=18380"}],"curies":[{"name":"wp","href":"https:\/\/api.w.org\/{rel}","templated":true}]}}