{"id":18378,"date":"2023-01-08T11:30:08","date_gmt":"2023-01-08T14:30:08","guid":{"rendered":"https:\/\/chacosintesis.com.ar\/?p=18378"},"modified":"2023-01-08T11:36:41","modified_gmt":"2023-01-08T14:36:41","slug":"100-verano-una-completa-agenda-turistica-cultural-y-deportiva-para-disfrutar-en-la-provincia","status":"publish","type":"post","link":"https:\/\/chacosintesis.com.ar\/index.php\/100-verano-una-completa-agenda-turistica-cultural-y-deportiva-para-disfrutar-en-la-provincia\/","title":{"rendered":"100% Verano: Una completa agenda tur\u00edstica, cultural y deportiva para disfrutar en la provincia"},"content":{"rendered":"<p>La agenda del verano 2023 contempla una diversidad de actividades para todos los gustos, que se desarrollar\u00e1n durante enero y febrero en distintos puntos de la provincia. Se trata de festivales y celebraciones populares con espacios gastron\u00f3micos y la participaci\u00f3n de las y los artesanos, emprendedores y artistas locales.<br \/>\n Los chaque\u00f1os y chaque\u00f1as, los turistas que visiten la provincia podr\u00e1n disfrutar este verano de una gran agenda de diversas actividades tur\u00edsticas, culturales y deportivas.<br \/>\nEl programa \u201c100% Verano\u201d fue lanzado ayer por el  gobernador Jorge Capitanich lanz\u00f3, este s\u00e1bado junto a la vicegobernadora Anal\u00eda Rach Quiroga, en el marco del<br \/>\nFestival del R\u00edo, en Villa R\u00edo Bermejito. Se trata de una agenda con diversas actividades tur\u00edsticas, culturales y deportivas que se desarrollar\u00e1, durante enero y febrero, en Villa R\u00edo Bermejito, Presidencia Roque S\u00e1enz Pe\u00f1a, Resistencia, Charata, Colonia Ben\u00edtez, Gancedo, Villa \u00c1ngela, Castelli, Fontana, Barranqueras y Las Bre\u00f1as.<br \/>\nEl objetivo es poner en valor y promocionar los atractivos tur\u00edsticos, las celebraciones populares, la gastronom\u00eda, las ofertas y producciones de las y los prestadores, emprendedores y artesanos; el territorio, las tradiciones y la diversidad cultural que definen y enriquecen a la provincia. La agenda del verano 2023 se compone de festivales, celebraciones populares y espacios gastron\u00f3micos con los Sabores del Chaco y la participaci\u00f3n de las y los artesanos, emprendedores y artistas locales.<br \/>\n\u201cLanzamos la temporada de verano desde Villa R\u00edo Bermejito para promocionar las hermosas playas de nuestro r\u00edo y este camping que est\u00e1 disponible para todos los chaque\u00f1os y las chaque\u00f1as, al igual que la agenda de actividades que se desarrollar\u00e1n en toda la provincia\u201d, se\u00f1al\u00f3 el mandatario.<br \/>\nAgenda inclusiva, diversa y participativa<\/p>\n<p>Las actividades son coordinadas entre el Instituto de Cultura del Chaco, el Ministerio de Producci\u00f3n, Industria y Empleo del Chaco con su programa Chac\u00fa, el Instituto del Deporte Chaque\u00f1o, el Instituto de Turismo del Chaco y los municipios. La agenda se promocionar\u00e1 por Chaco TV en la grilla semanal y en particular en el nuevo programa 100% Verano.<br \/>\nDurante enero se desarrollar\u00e1n los viernes de \u201cSabores del Chaco\u201d, los s\u00e1bados de \u201cCerveza artesanal\u201d, los domingos de \u201cCine Bajo las Estrellas\u201d en distintas localidades. \u201cTenemos que aprovechar nuestras bellezas naturales como Villa R\u00edo Bermejito que alberga en el verano una enorme cantidad de familias y a su vez impulsar el turismo chaque\u00f1o, que se enriquece de nuestra identidad cultural, con espect\u00e1culos musicales y comidas t\u00edpicas\u201d, sostuvo.<br \/>\n\u201cUna agenda pensada para todos los chaque\u00f1os y las chaque\u00f1as que, adem\u00e1s, invita a turistas de todo el pa\u00eds y alrededores a conocer el potencial que tiene nuestra provincia. Junto al gran equipo integrado por los organismos estatales, la tv p\u00fablica y privada, logramos llegar a cada punto de la regi\u00f3n y del pa\u00eds con propuestas para todos y todas\u201d, dijo el presidente del Instituto de Cultura del Chaco, Francisco Romero.<br \/>\n\u201cEsta agenda inclusiva, diversa y participativa permite el acceso y la ampliaci\u00f3n de los derechos culturales y sociales mediante pol\u00edticas p\u00fablicas concretas pensadas para el desarrollo de Chaco\u201d, dijo Romero, quien coment\u00f3 que \u201ceste marco es propicio para el intercambio de experiencias y saberes entre los propios y quienes nos visitan desde un festival, un taller o una proyecci\u00f3n de cine\u201d.<br \/>\nFestivales populares<br \/>\nTambi\u00e9n incluye la grilla de Festivales que se desarrollar\u00e1n en distintas localidades como la 19\u00b0 Festival Nacional del Taninero; la 12\u00b0 Fiesta Provincial del Chamam\u00e9 en Puerto Tirol. Del 4 al 8 de enero, el Festival del R\u00edo en Villa R\u00edo Bermejito; el 4\u00b0 Festival del Chup\u00edn en Puerto Eva Per\u00f3n a realizarse el 21 de enero y Chaco Pinta Salvaje del 9 al 14 de enero en Colonia Elisa.<br \/>\n\u201cEstos son eventos que trascienden nuestras fronteras, el festival del Chamam\u00e9 tiene una convocatoria multitudinaria, al igual que la fiesta del Taninero o los carnavales, son todos eventos importantes, y lo mejor es que hay una agenda diversa para todos los gustos\u201d, destac\u00f3 Capitanich.<br \/>\nLa vicegobernadora destac\u00f3 el progreso y desarrollo que se refleja en todo el Departamento G\u00fcemes e invit\u00f3 a las y los chaque\u00f1os a conocer y disfrutar de su provincia. \u201cEl progreso se ve en el camino pavimentado para llegar a Villa R\u00edo Bermejito, su continuidad hasta El Espinillo, los hospitales, los centros de Desarrollo Infantil, las viviendas, esto es compromiso pol\u00edtico y trabajo para el pueblo, esta es la impronta del gobernador\u201d, resumi\u00f3 Rach Quiroga.<br \/>\nParticiparon del lanzamiento del programa Verano 100%  el presidente del Instituto de Cultura Francisco Romero, el presidente del Instituto de Turismo Ariel Ybarra, el delegado regional de la ANSES Agust\u00edn Alem\u00e1n, la diputada provincial Mariela Quir\u00f3s, el intendente de Villa R\u00edo Bermejito Julio Paredes y la intendenta de Fuerte Esperanza In\u00e9s Ortega.<br \/>\nLa agenda completa de Verano para Todxs est\u00e1 disponible en los canales de comunicaci\u00f3n oficiales del Gobierno del Chaco (comunicacon.chaco.gov.ar o en Instagram @chacodetodos), en el sitio web de Cultura (cultura.chaco.gob.ar o @chacocultura), del Instituto de Turismo, Instituto de Deportes, Chaco TV y Norte Grande Federal.<\/p>\n","protected":false},"excerpt":{"rendered":"<p>La agenda del verano 2023 contempla una diversidad de actividades para todos los gustos, que se desarrollar\u00e1n durante enero y febrero en distintos puntos de la provincia. Se trata de festivales y celebraciones populares con espacios gastron\u00f3micos y la participaci\u00f3n de las y los artesanos, emprendedores y artistas locales. Los chaque\u00f1os y chaque\u00f1as, los turistas [&hellip;]<\/p>\n","protected":false},"author":1,"featured_media":18379,"comment_status":"closed","ping_status":"closed","sticky":false,"template":"","format":"standard","meta":{"footnotes":""},"categories":[6],"tags":[],"class_list":{"0":"post-18378","1":"post","2":"type-post","3":"status-publish","4":"format-standard","5":"has-post-thumbnail","7":"category-chaco"},"_links":{"self":[{"href":"https:\/\/chacosintesis.com.ar\/index.php\/wp-json\/wp\/v2\/posts\/18378","targetHints":{"allow":["GET"]}}],"collection":[{"href":"https:\/\/chacosintesis.com.ar\/index.php\/wp-json\/wp\/v2\/posts"}],"about":[{"href":"https:\/\/chacosintesis.com.ar\/index.php\/wp-json\/wp\/v2\/types\/post"}],"author":[{"embeddable":true,"href":"https:\/\/chacosintesis.com.ar\/index.php\/wp-json\/wp\/v2\/users\/1"}],"replies":[{"embeddable":true,"href":"https:\/\/chacosintesis.com.ar\/index.php\/wp-json\/wp\/v2\/comments?post=18378"}],"version-history":[{"count":0,"href":"https:\/\/chacosintesis.com.ar\/index.php\/wp-json\/wp\/v2\/posts\/18378\/revisions"}],"wp:featuredmedia":[{"embeddable":true,"href":"https:\/\/chacosintesis.com.ar\/index.php\/wp-json\/wp\/v2\/media\/18379"}],"wp:attachment":[{"href":"https:\/\/chacosintesis.com.ar\/index.php\/wp-json\/wp\/v2\/media?parent=18378"}],"wp:term":[{"taxonomy":"category","embeddable":true,"href":"https:\/\/chacosintesis.com.ar\/index.php\/wp-json\/wp\/v2\/categories?post=18378"},{"taxonomy":"post_tag","embeddable":true,"href":"https:\/\/chacosintesis.com.ar\/index.php\/wp-json\/wp\/v2\/tags?post=18378"}],"curies":[{"name":"wp","href":"https:\/\/api.w.org\/{rel}","templated":true}]}}