{"id":18376,"date":"2023-01-08T11:16:44","date_gmt":"2023-01-08T14:16:44","guid":{"rendered":"https:\/\/chacosintesis.com.ar\/?p=18376"},"modified":"2023-01-08T11:36:41","modified_gmt":"2023-01-08T14:36:41","slug":"la-escondida-un-motociclista-pierde-la-vida-en-un-siniestro-vial","status":"publish","type":"post","link":"https:\/\/chacosintesis.com.ar\/index.php\/la-escondida-un-motociclista-pierde-la-vida-en-un-siniestro-vial\/","title":{"rendered":"La Escondida: Un motociclista pierde la vida en un siniestro vial"},"content":{"rendered":"<p>El motociclista fallecido fue identificado como Gaston Erasmo Figueroa Arriola de 30 a\u00f1os Ocurri\u00f3 sobre la ruta 9 en jurisdicci\u00f3n de La Escondida.<\/p>\n<p>Hoy por la ma\u00f1ana, efectivos de la comisar\u00eda de La Escondida, intervinieron en un siniestro vial entre un cami\u00f3n y una motocicleta. Producto del impacto, un hombre perdi\u00f3 la vida por las lesiones sufridas.<br \/>\nAlrededor de las 6 de la ma\u00f1ana, los agentes  policiales se constituyeron sobre la Ruta Provincial 9 , kil\u00f3metro 6 donde se produjo el incidente vial.<br \/>\nAl llegar al lugar constataron que los involucrados en el siniestro vial ser\u00edan un cami\u00f3n marca Volkswagen modelo 17.220 conducido por un hombre de 58 a\u00f1os y una motocicleta marca Motomel Skua 200cc., guiada por un hombre , el cual  al llegar la polic\u00eda ya se encontraba sin vida.<br \/>\nSe hizo presente personal de salud, quienes diagnosticaron el deceso del motociclista.<br \/>\nSeg\u00fan inform\u00f3 la Polic\u00eda, el motociclista fallecido  fue identificado como Gaston Erasmo Figueroa Arriola de 30 a\u00f1os, domiciliado en el barrio 10 viviendas de La Escondida<br \/>\nPosteriormente, conforme a lo dispuesto por la magistratura en turno, el conductor del cami\u00f3n fue notificado de su situaci\u00f3n legal, en tanto el cuerpo fue trasladado por la M\u00f3vil Tanatol\u00f3gico de Bomberos.<\/p>\n","protected":false},"excerpt":{"rendered":"<p>El motociclista fallecido fue identificado como Gaston Erasmo Figueroa Arriola de 30 a\u00f1os Ocurri\u00f3 sobre la ruta 9 en jurisdicci\u00f3n de La Escondida. Hoy por la ma\u00f1ana, efectivos de la comisar\u00eda de La Escondida, intervinieron en un siniestro vial entre un cami\u00f3n y una motocicleta. Producto del impacto, un hombre perdi\u00f3 la vida por las [&hellip;]<\/p>\n","protected":false},"author":1,"featured_media":18377,"comment_status":"closed","ping_status":"closed","sticky":false,"template":"","format":"standard","meta":{"footnotes":""},"categories":[6],"tags":[197],"class_list":{"0":"post-18376","1":"post","2":"type-post","3":"status-publish","4":"format-standard","5":"has-post-thumbnail","7":"category-chaco","8":"tag-destacada"},"_links":{"self":[{"href":"https:\/\/chacosintesis.com.ar\/index.php\/wp-json\/wp\/v2\/posts\/18376","targetHints":{"allow":["GET"]}}],"collection":[{"href":"https:\/\/chacosintesis.com.ar\/index.php\/wp-json\/wp\/v2\/posts"}],"about":[{"href":"https:\/\/chacosintesis.com.ar\/index.php\/wp-json\/wp\/v2\/types\/post"}],"author":[{"embeddable":true,"href":"https:\/\/chacosintesis.com.ar\/index.php\/wp-json\/wp\/v2\/users\/1"}],"replies":[{"embeddable":true,"href":"https:\/\/chacosintesis.com.ar\/index.php\/wp-json\/wp\/v2\/comments?post=18376"}],"version-history":[{"count":0,"href":"https:\/\/chacosintesis.com.ar\/index.php\/wp-json\/wp\/v2\/posts\/18376\/revisions"}],"wp:featuredmedia":[{"embeddable":true,"href":"https:\/\/chacosintesis.com.ar\/index.php\/wp-json\/wp\/v2\/media\/18377"}],"wp:attachment":[{"href":"https:\/\/chacosintesis.com.ar\/index.php\/wp-json\/wp\/v2\/media?parent=18376"}],"wp:term":[{"taxonomy":"category","embeddable":true,"href":"https:\/\/chacosintesis.com.ar\/index.php\/wp-json\/wp\/v2\/categories?post=18376"},{"taxonomy":"post_tag","embeddable":true,"href":"https:\/\/chacosintesis.com.ar\/index.php\/wp-json\/wp\/v2\/tags?post=18376"}],"curies":[{"name":"wp","href":"https:\/\/api.w.org\/{rel}","templated":true}]}}