{"id":18356,"date":"2023-01-06T23:13:54","date_gmt":"2023-01-07T02:13:54","guid":{"rendered":"https:\/\/chacosintesis.com.ar\/?p=18356"},"modified":"2023-01-06T23:19:53","modified_gmt":"2023-01-07T02:19:53","slug":"san-martin-el-gobernador-verifico-avances-en-las-obras-del-hospital-y-se-reunio-con-intendentes","status":"publish","type":"post","link":"https:\/\/chacosintesis.com.ar\/index.php\/san-martin-el-gobernador-verifico-avances-en-las-obras-del-hospital-y-se-reunio-con-intendentes\/","title":{"rendered":"San Mart\u00edn: el gobernador verific\u00f3 avances en las obras del hospital y se reuni\u00f3 con intendentes"},"content":{"rendered":"<p>El gobernador visit\u00f3 la remodelaci\u00f3n integral del hospital que beneficiar\u00e1 a miles de vecinas y vecinos del departamento San Mart\u00edn. Con una inversi\u00f3n superior a los 369 millones de pesos, se intervienen sectores como la guardia, internaciones, esterilizaciones, ba\u00f1os, consultorios, laboratorio y la farmacia. Adem\u00e1s, junto a jefes comunales, analiz\u00f3 la agenda 2023 y obras prioritarias para los municipios.<\/p>\n<p> Avanzando con la agenda de trabajo de 2023, el gobernador Jorge Capitanich recorri\u00f3 hoy la obra de remodelaci\u00f3n integral y jerarquizaci\u00f3n del hospital \u201cF\u00e9lix P\u00e9rtile\u201d de General San Mart\u00edn, \u201cque se convertir\u00e1 en un centro de salud de referencia y de gran calidad para toda la regi\u00f3n con equipamiento de alta complejidad\u201d, se\u00f1al\u00f3. Adem\u00e1s, en la jornada, mantuvo una reuni\u00f3n con intendentes de diferentes localidades con quienes avanz\u00f3 en una agenda de trabajo y obras a ejecutarse en los diferentes municipios.<\/p>\n<p>Con una inversi\u00f3n superior a los 369 millones de pesos, y con la generaci\u00f3n de unos 100 puestos de trabajo, la obra tiene como objetivo reorganizar, jerarquizar y refuncionalizar los espacios del edificio del hospital \u201cF\u00e9lix P\u00e9rtile\u201d y la ampliaci\u00f3n de los m\u00faltiples servicios para dar una respuesta adecuada a la demanda existente.<\/p>\n<p> \u201cSer\u00e1 un hospital de referencia para toda la regi\u00f3n, con infraestructura de calidad y que significa un antes y despu\u00e9s, un cambio de paradigma para la atenci\u00f3n sanitaria para toda la comunidad\u201d, se\u00f1al\u00f3 Capitanich.<\/p>\n<p> La habilitaci\u00f3n de la totalidad de los trabajos est\u00e1 prevista para agosto o septiembre de 2023, no obstante \u201cen febrero ya se har\u00e1n habilitaciones parciales como el sector materno infantil\u201d, se\u00f1al\u00f3 el gobernador, quien estuvo acompa\u00f1ado por el diputado nacional Aldo Leiva y autoridades del hospital.<\/p>\n<p> El anterior edificio no pose\u00eda servicios y espacios necesarios para satisfacer la demanda local y de las zonas de alcance, raz\u00f3n por la cual se procedi\u00f3 a la ampliaci\u00f3n de sectores clave como el Centro de Atenci\u00f3n Primaria, guardia, internaciones, esterilizaciones, ba\u00f1os, consultorios, laboratorio y la farmacia, entre otros.<\/p>\n<p> En ese sentido, Capitanich remarc\u00f3 la importancia de las nuevas salas de internaci\u00f3n (de hombres, de mujeres, y el ala materno infantil) detallando que se trata de \u201cun hospital cuya complejidad va a implicar laboratorio, atenci\u00f3n kin\u00e9sica (v\u00eda rehabilitaci\u00f3n), todo el sistema de farmacia debidamente integrado, m\u00e1s unidad de cirug\u00eda con \u00faltima tecnolog\u00eda, todo lo que implica guardia, acceso y salida de ambulancias, urgencias, todo lo que implica infraestructura en enfermer\u00eda\u201d, sostuvo.<\/p>\n<p> El gobernador inform\u00f3 que el lugar tendr\u00e1 nuevo cerco perimetral, accesos, esquemas de se\u00f1al\u00e9tica (vertical y horizontal) y parquizado. \u201cEs un cambio de paradigma en la atenci\u00f3n sanitaria para todo el departamento San Mart\u00edn, pero sobre todo porque esto implica que trabajadores y trabajadoras tengan mejores condiciones laborales\u201d, finaliz\u00f3.<\/p>\n<p>Agenda de trabajo con intendentes<br \/>\n Durante la jornada, el gobernador tambi\u00e9n se reuni\u00f3 con intendentes de diferentes municipios de la provincia, con quienes diagram\u00f3 una agenda de trabajo y de obras que se ejecutan y se proyectan en diferentes municipios.<\/p>\n<p> En una reuni\u00f3n ampliada, y con la presencia de legisladores nacionales y provinciales, el mandatario acord\u00f3 y reiter\u00f3 la importancia de seguir avanzando con proyectos y planes que permitan el desarrollo de las comunidades as\u00ed como elevar la calidad de vida de todas las chaque\u00f1as y los chaque\u00f1os.<\/p>\n","protected":false},"excerpt":{"rendered":"<p>El gobernador visit\u00f3 la remodelaci\u00f3n integral del hospital que beneficiar\u00e1 a miles de vecinas y vecinos del departamento San Mart\u00edn. Con una inversi\u00f3n superior a los 369 millones de pesos, se intervienen sectores como la guardia, internaciones, esterilizaciones, ba\u00f1os, consultorios, laboratorio y la farmacia. Adem\u00e1s, junto a jefes comunales, analiz\u00f3 la agenda 2023 y obras [&hellip;]<\/p>\n","protected":false},"author":1,"featured_media":18357,"comment_status":"closed","ping_status":"closed","sticky":false,"template":"","format":"standard","meta":{"footnotes":""},"categories":[6],"tags":[],"class_list":{"0":"post-18356","1":"post","2":"type-post","3":"status-publish","4":"format-standard","5":"has-post-thumbnail","7":"category-chaco"},"_links":{"self":[{"href":"https:\/\/chacosintesis.com.ar\/index.php\/wp-json\/wp\/v2\/posts\/18356","targetHints":{"allow":["GET"]}}],"collection":[{"href":"https:\/\/chacosintesis.com.ar\/index.php\/wp-json\/wp\/v2\/posts"}],"about":[{"href":"https:\/\/chacosintesis.com.ar\/index.php\/wp-json\/wp\/v2\/types\/post"}],"author":[{"embeddable":true,"href":"https:\/\/chacosintesis.com.ar\/index.php\/wp-json\/wp\/v2\/users\/1"}],"replies":[{"embeddable":true,"href":"https:\/\/chacosintesis.com.ar\/index.php\/wp-json\/wp\/v2\/comments?post=18356"}],"version-history":[{"count":0,"href":"https:\/\/chacosintesis.com.ar\/index.php\/wp-json\/wp\/v2\/posts\/18356\/revisions"}],"wp:featuredmedia":[{"embeddable":true,"href":"https:\/\/chacosintesis.com.ar\/index.php\/wp-json\/wp\/v2\/media\/18357"}],"wp:attachment":[{"href":"https:\/\/chacosintesis.com.ar\/index.php\/wp-json\/wp\/v2\/media?parent=18356"}],"wp:term":[{"taxonomy":"category","embeddable":true,"href":"https:\/\/chacosintesis.com.ar\/index.php\/wp-json\/wp\/v2\/categories?post=18356"},{"taxonomy":"post_tag","embeddable":true,"href":"https:\/\/chacosintesis.com.ar\/index.php\/wp-json\/wp\/v2\/tags?post=18356"}],"curies":[{"name":"wp","href":"https:\/\/api.w.org\/{rel}","templated":true}]}}