{"id":18348,"date":"2023-01-06T22:55:05","date_gmt":"2023-01-07T01:55:05","guid":{"rendered":"https:\/\/chacosintesis.com.ar\/?p=18348"},"modified":"2023-01-06T23:02:31","modified_gmt":"2023-01-07T02:02:31","slug":"el-tribunal-de-cuentas-observo-que-el-municipio-de-pinedo-no-rindio-94-millones","status":"publish","type":"post","link":"https:\/\/chacosintesis.com.ar\/index.php\/el-tribunal-de-cuentas-observo-que-el-municipio-de-pinedo-no-rindio-94-millones\/","title":{"rendered":"El Tribunal de Cuentas observ\u00f3 que el Municipio de Pinedo no rindi\u00f3 $ 94 millones"},"content":{"rendered":"<p>Desde el organismo intimaron a los funcionarios de la comuna a presentar los documentos a m\u00e1s tardar el 19 de enero, de lo contrario realizar\u00e1n un proceso administrativo de enjuiciamiento.<\/p>\n<p>En las habituales auditor\u00edas que realiza sobre las cuentas p\u00fablicas, t\u00e9cnicos del Tribunal de Cuentas se\u00f1alaron que existen motivos para iniciar un juicio de cuentas contra el intendente de Pinedo, Franco Ciucci y parte de su gabinete por la falta de documentaci\u00f3n de una partida de $ 94 millones.<\/p>\n<p> En el escrito, intiman a funcionarios locales a que m\u00e1s tardar el 19 de enero presenten los documentos de lo contrario se avanzar\u00e1 con el proceso administrativo de enjuiciamiento.<\/p>\n<p>La c\u00e9dula indica adem\u00e1s que &#8220;todo responsable afectado por reparos o cargos en un Juicio de Cuentas, podr\u00e1 comparecer por s\u00ed o por apoderado, debiendo en caso de no haberlo hecho constituir domicilio y acompa\u00f1ar la documentaci\u00f3n a solicitar que el Tribunal pida que haga a su descargo, citando concretamente la misma cuando deba obrar en oficinas p\u00fablicas o privadas&#8221;.<\/p>\n<p> Las actuaciones se refieren a operaciones que se efectuaron durante 2021.  En dicha observaci\u00f3n anal\u00edtica que realiza el Tribunal de Cuentas, especifica que durante el per\u00edodo administrativo que comprende la cuenta en estudio se desempe\u00f1aron los siguientes funcionarios: en el cargo de Intendente municipal, Franco Mar\u00edo C\u00e9sar Ciucci; como Director de Administraci\u00f3n, Sergio Alejandro Santill\u00e1n; como Tesorero municipal, Luis Armando D\u00edaz; como Secretario de Gobierno Nahuel Sebasti\u00e1n Gallovich y como Secretario de Finanzas, Javier Eduardo Molina<\/p>\n<p> Cabe destacar que las actuaciones referidas a la rendici\u00f3n de cuentas de la Municipalidad de Pinedo, las cuales estar\u00e1n a cargo de P\u00e9rtile, surgen del an\u00e1lisis efectuado por la Fiscal\u00eda actuante realizada en forma selectiva y en base a auditor\u00edas &#8220;in-situ&#8221;, y la cual abarc\u00f3 a la documentaci\u00f3n constitutiva de la rendici\u00f3n de cuentas de la municipalidad en los aspectos legal, formal, contable, num\u00e9rico y documental; as\u00ed como tambi\u00e9n los estados y cuadros contables peri\u00f3dicos remitidos al Tribunal de Cuentas.<br \/>\n DIARIO NORTE.-<\/p>\n","protected":false},"excerpt":{"rendered":"<p>Desde el organismo intimaron a los funcionarios de la comuna a presentar los documentos a m\u00e1s tardar el 19 de enero, de lo contrario realizar\u00e1n un proceso administrativo de enjuiciamiento. En las habituales auditor\u00edas que realiza sobre las cuentas p\u00fablicas, t\u00e9cnicos del Tribunal de Cuentas se\u00f1alaron que existen motivos para iniciar un juicio de cuentas [&hellip;]<\/p>\n","protected":false},"author":1,"featured_media":18349,"comment_status":"closed","ping_status":"closed","sticky":false,"template":"","format":"standard","meta":{"footnotes":""},"categories":[6],"tags":[197],"class_list":{"0":"post-18348","1":"post","2":"type-post","3":"status-publish","4":"format-standard","5":"has-post-thumbnail","7":"category-chaco","8":"tag-destacada"},"_links":{"self":[{"href":"https:\/\/chacosintesis.com.ar\/index.php\/wp-json\/wp\/v2\/posts\/18348","targetHints":{"allow":["GET"]}}],"collection":[{"href":"https:\/\/chacosintesis.com.ar\/index.php\/wp-json\/wp\/v2\/posts"}],"about":[{"href":"https:\/\/chacosintesis.com.ar\/index.php\/wp-json\/wp\/v2\/types\/post"}],"author":[{"embeddable":true,"href":"https:\/\/chacosintesis.com.ar\/index.php\/wp-json\/wp\/v2\/users\/1"}],"replies":[{"embeddable":true,"href":"https:\/\/chacosintesis.com.ar\/index.php\/wp-json\/wp\/v2\/comments?post=18348"}],"version-history":[{"count":0,"href":"https:\/\/chacosintesis.com.ar\/index.php\/wp-json\/wp\/v2\/posts\/18348\/revisions"}],"wp:featuredmedia":[{"embeddable":true,"href":"https:\/\/chacosintesis.com.ar\/index.php\/wp-json\/wp\/v2\/media\/18349"}],"wp:attachment":[{"href":"https:\/\/chacosintesis.com.ar\/index.php\/wp-json\/wp\/v2\/media?parent=18348"}],"wp:term":[{"taxonomy":"category","embeddable":true,"href":"https:\/\/chacosintesis.com.ar\/index.php\/wp-json\/wp\/v2\/categories?post=18348"},{"taxonomy":"post_tag","embeddable":true,"href":"https:\/\/chacosintesis.com.ar\/index.php\/wp-json\/wp\/v2\/tags?post=18348"}],"curies":[{"name":"wp","href":"https:\/\/api.w.org\/{rel}","templated":true}]}}