{"id":18344,"date":"2023-01-06T10:19:10","date_gmt":"2023-01-06T13:19:10","guid":{"rendered":"https:\/\/chacosintesis.com.ar\/?p=18344"},"modified":"2023-01-06T10:19:11","modified_gmt":"2023-01-06T13:19:11","slug":"puerto-tirol-vive-este-viernes-la-tercera-jornada-de-la-fiesta-del-chamame","status":"publish","type":"post","link":"https:\/\/chacosintesis.com.ar\/index.php\/puerto-tirol-vive-este-viernes-la-tercera-jornada-de-la-fiesta-del-chamame\/","title":{"rendered":"Puerto Tirol vive este viernes la tercera jornada de la fiesta del chamam\u00e9"},"content":{"rendered":"\n<h6 class=\"wp-block-heading\"><\/h6>\n\n\n\n<h6 class=\"wp-block-heading\">Bajo el lema Confluencia se realiza la 19\u00b0 Festival Nacional del Taninero y 12 Fiesta Provincial del Chamam\u00e9.<\/h6>\n\n\n\n<p>Desde este viernes y hasta el domingo se realizar\u00e1n tres jornadas a pura m\u00fasica y arte en el Estadio del Club Juventud de Puerto Tirol. Bajo el lema Confluencia se realiza la 19\u00b0 Festival Nacional del Taninero y 12 Fiesta Provincial del Chamam\u00e9.<br>Para este viernes 6 y s\u00e1bado 7 de enero las entradas tendr\u00e1n un costo final de $500 pesos ($450 y $50 cargo de servicio) y podr\u00e1n adquirirse en www.butacauno.com de manera online y con tarjetas de cr\u00e9dito y d\u00e9bito. Tambi\u00e9n de forma f\u00edsica en Resistencia: La Vaca Atada, Santa Mar\u00eda de Oro y Santiago del Estero; Butaca Uno, Frondizi 33; Caseter\u00eda Carlos Gardel, avenida Alberdi 144 y en Puerto Tirol: en el Centro Cultural La Mara\u00f1a, Fundaci\u00f3n Huoq\u00f3, Museo del Bicentenario y Escuela Municipal de Folclore.<br>El cierre del festival, el domingo 8 de enero en el Estadio del Club Juventud las entradas ser\u00e1n libres y gratuitas para todo p\u00fablico.<br>Al Estadio del Club Juventud se puede ingresar con silletas y conservadoras. El acceso con conservadoras tendr\u00e1 un costo de $1000. Por cuestiones de seguridad, no se permitir\u00e1 el ingreso con envases de vidrio. En el predio del festival van a encontrar servicios gastron\u00f3micos de emprendedores de Puerto Tirol.<br>Desde hoy y hasta el domingo 8 de enero se podr\u00e1 disfrutar del 19\u00b0 Festival Nacional del Taninero y 12\u00b0 Fiesta Provincial del Chamame a trav\u00e9s de Chaco TV. Tambi\u00e9n por las redes en www.chaco.tv<\/p>\n\n\n\n<h3 class=\"wp-block-heading\">Confluencia Argentina y Paraguay<\/h3>\n\n\n\n<p>La agrupaci\u00f3n del vecino pa\u00eds \u201cN\u00e9stor L\u00f3 y los Caminantes\u201d llega por primera vez a nuestro pa\u00eds. Varios m\u00fasicos formaron parte de la agrupaci\u00f3n desde sus inicios, actualmente la integran banda N\u00e9stor L\u00f3pez (Voz y guitarra), Eduardo Mart\u00ednez (guitarra y coros), Tato Zilli (bajo), Walter Rodr\u00edguez (bater\u00eda), Daniel Pavetti (percusi\u00f3n y coros). La fila de vientos congrega a grandes m\u00fasicos del mundo de los metales; ellos son Jonathan Pi\u00f1ero (trompeta), Marcelo D\u00edaz (saxo bar\u00edtono), David Rodr\u00edguez (saxo) y Wilder Iv\u00e1n Paredes (tromb\u00f3n).<\/p>\n\n\n\n<p><br>N\u00e9stor L\u00f3 expres\u00f3 su felicidad de poder llegar a Puerto Tirol. \u201cTodos estamos felices de encontrarnos por primera vez con un festival tradicional en Argentina. Nos pone felices poder arrancar el a\u00f1o cruzando el r\u00edo para poder mostrar nuestras canciones\u201d.<br>Para conocer un poco m\u00e1s acerca de su propuesta musical, N\u00e9stor explic\u00f3 que son una banda vers\u00e1til. \u201cHacemos muchas cosas pero a Puerto Tirol vamos a llevar nuestra presentaci\u00f3n m\u00e1s folcl\u00f3rica, buscamos jugar con los sonidos tradicionales y modernos\u201d.<br>El m\u00fasico adelant\u00f3 que en esta ocasi\u00f3n traer\u00e1n temas de su primer material discogr\u00e1fico \u201cSalten, canten, griten, bailen\u201d. Temas como A la distancia, Chamam\u00e9 del este, mam\u00e1ma, entre otros ser\u00e1n interpretados en esta primera visita a Puerto Tirol.<br>En relaci\u00f3n a la m\u00fasica del Paraguay y lo que se escucha en esta regi\u00f3n del litoral argentino, N\u00e9stor L\u00f3 coment\u00f3 que en su pa\u00eds tambi\u00e9n se escucha chamam\u00e9. \u201cEn Paraguay se escucha mucho chamam\u00e9. Forma parte de nuestro folclore como la polca y la guarania. En cualquier pe\u00f1a entre amigos siempre suena un chamam\u00e9. Para nosotros cada vez que podemos ir al norte de la Argentina nos sentimos como en casa. Adem\u00e1s, somos consciente de que en cada pe\u00f1a de nuestro pa\u00eds suena un chamam\u00e9 tambi\u00e9n en las pe\u00f1as de la Argentina siempre suena una polca o una guarania. Es una felicidad poder compartir la m\u00fasica desde nuestra igualdad y desde nuestra diferencia\u201d, subray\u00f3.<\/p>\n\n\n\n<h3 class=\"wp-block-heading\">Apertura con la Pareja Nacional Juvenil<\/h3>\n\n\n\n<p>Esta noche a las 21 la apertura estar\u00e1 a cargo de Ornella Ortielli y Ariel Andr\u00e9s Gonz\u00e1lez quienes fueron electos en el a\u00f1o 2022 como 1er Pareja Mundial del Chamam\u00e9. Son chaque\u00f1os de la academia Reflejos Gauchos de la ciudad de Machagai, que est\u00e1 a cargo de la profesora Ver\u00f3nica Ram\u00edrez.<\/p>\n\n\n\n<h3 class=\"wp-block-heading\">Muralismo en paneles m\u00f3viles<\/h3>\n\n\n\n<p>La Fundaci\u00f3n Huoqo pondr\u00e1 en escena el arte del muralismo en el 19 Festival Nacional del Taninero y 12 Fiesta Provincial del Chamam\u00e9. Estar\u00e1n presentes los artistas Isa\u00edas Mata, Lucila Gonz\u00e1les quienes llegan de El Salvador, tambi\u00e9n fueron convocados los artistas Ciro No\u00e9 Vill\u00e1n, Estefan\u00eda Magal\u00ed Quevedo, Karla Sof\u00eda Gorostegui Araujo, Luciano Acosta desde Resistencia, Solange Oleszek de Fontana, Silvina Esquivel , Agustina Nadal &nbsp;y Fabi\u00e1n Yorg de la vecina ciudad de Corrientes. Adem\u00e1s estar\u00e1n las ni\u00f1as y j\u00f3venes artistas de la fundaci\u00f3n conformado por Juanita Sundberg, &nbsp;Denisse Mongelos, Mailen Yorg, Lourdes Barrios y &nbsp;los alumnos de intercambio Massimo y Maia Mata.<br>Por su parte Kike Yorg, presidente de la fundaci\u00f3n Huoqo coment\u00f3 que trabajar\u00e1n en este festival bajo la tem\u00e1tica de Confluencia. \u201cVamos a trabajar desde este viernes y hasta el domingo haciendo murales en paneles m\u00f3viles. Para ello hemos convocado a artistas de la regi\u00f3n y tambi\u00e9n hemos hecho invitaciones especiales a dos artistas de El Salvador\u201d.<br>\u201cVamos hacer los trabajos en vivo. Vamos a trabajar con paneles m\u00f3viles. El concepto de lo que vamos a realizar en cada panel tiene relaci\u00f3n con el tema elegido este a\u00f1o para el Festival: Confluencia. Bajo este concepto de confluencia podremos trabajar muchas cosas porque en principio tenemos la confluencia de la m\u00fasica y las artes, pero adem\u00e1s est\u00e1 presente la confluencia de los hermanos porque en este evento confluyen culturas diferentes.<\/p>\n\n\n\n<h3 class=\"wp-block-heading\">Programaci\u00f3n del viernes 6<\/h3>\n\n\n\n<p>21 hs. Apertura: Pareja Nacional Juvenil del Chamam\u00e9<\/p>\n\n\n\n<p>21.10 hs. Bianca Almir\u00f3n (Chaco)<\/p>\n\n\n\n<p>21:30 hs. Escuela de M\u00fasica Popular de Puerto Tirol (Chaco)<\/p>\n\n\n\n<p>21:45 hs. &nbsp;Escuela Municipal de Folclore de Puerto Tirol<\/p>\n\n\n\n<p>22:10 hs. Pancho Figueroa. Homenaje al Chalchalero Chaque\u00f1o. Entrega de reconocimiento<\/p>\n\n\n\n<p>22:50 hs. Renato Borghetti (Rio Grande do Sul, Brasil)<\/p>\n\n\n\n<p>23:30 hs. &nbsp;Sof\u00eda Casaf\u00fas (Chaco)<\/p>\n\n\n\n<p>23:50 hs. Mario y Chingoli Boffil (Corrientes)<\/p>\n\n\n\n<p>00:30 hs. Baglietto\u2013Vitale. Invitada: Julia Zenko (Bs. As. \u2013 Santa Fe)<\/p>\n\n\n\n<p>01:15 hs. N\u00e9stor L\u00f3 y Los Caminantes (Paraguay)<\/p>\n\n\n\n<p>01.55 hs. Homenaje a Emiliano Cardozo (Chaco)<\/p>\n","protected":false},"excerpt":{"rendered":"<p>Bajo el lema Confluencia se realiza la 19\u00b0 Festival Nacional del Taninero y 12 Fiesta Provincial del Chamam\u00e9. Desde este viernes y hasta el domingo se realizar\u00e1n tres jornadas a pura m\u00fasica y arte en el Estadio del Club Juventud de Puerto Tirol. Bajo el lema Confluencia se realiza la 19\u00b0 Festival Nacional del Taninero [&hellip;]<\/p>\n","protected":false},"author":1,"featured_media":18345,"comment_status":"closed","ping_status":"closed","sticky":false,"template":"","format":"standard","meta":{"footnotes":""},"categories":[6],"tags":[197],"class_list":{"0":"post-18344","1":"post","2":"type-post","3":"status-publish","4":"format-standard","5":"has-post-thumbnail","7":"category-chaco","8":"tag-destacada"},"_links":{"self":[{"href":"https:\/\/chacosintesis.com.ar\/index.php\/wp-json\/wp\/v2\/posts\/18344","targetHints":{"allow":["GET"]}}],"collection":[{"href":"https:\/\/chacosintesis.com.ar\/index.php\/wp-json\/wp\/v2\/posts"}],"about":[{"href":"https:\/\/chacosintesis.com.ar\/index.php\/wp-json\/wp\/v2\/types\/post"}],"author":[{"embeddable":true,"href":"https:\/\/chacosintesis.com.ar\/index.php\/wp-json\/wp\/v2\/users\/1"}],"replies":[{"embeddable":true,"href":"https:\/\/chacosintesis.com.ar\/index.php\/wp-json\/wp\/v2\/comments?post=18344"}],"version-history":[{"count":0,"href":"https:\/\/chacosintesis.com.ar\/index.php\/wp-json\/wp\/v2\/posts\/18344\/revisions"}],"wp:featuredmedia":[{"embeddable":true,"href":"https:\/\/chacosintesis.com.ar\/index.php\/wp-json\/wp\/v2\/media\/18345"}],"wp:attachment":[{"href":"https:\/\/chacosintesis.com.ar\/index.php\/wp-json\/wp\/v2\/media?parent=18344"}],"wp:term":[{"taxonomy":"category","embeddable":true,"href":"https:\/\/chacosintesis.com.ar\/index.php\/wp-json\/wp\/v2\/categories?post=18344"},{"taxonomy":"post_tag","embeddable":true,"href":"https:\/\/chacosintesis.com.ar\/index.php\/wp-json\/wp\/v2\/tags?post=18344"}],"curies":[{"name":"wp","href":"https:\/\/api.w.org\/{rel}","templated":true}]}}