{"id":18328,"date":"2023-01-04T22:33:50","date_gmt":"2023-01-05T01:33:50","guid":{"rendered":"https:\/\/chacosintesis.com.ar\/?p=18328"},"modified":"2023-01-04T22:36:45","modified_gmt":"2023-01-05T01:36:45","slug":"polini-seria-bueno-que-el-gobernador-tome-agua-de-la-red","status":"publish","type":"post","link":"https:\/\/chacosintesis.com.ar\/index.php\/polini-seria-bueno-que-el-gobernador-tome-agua-de-la-red\/","title":{"rendered":"Polini: &#8220;Ser\u00eda bueno que el gobernador tome agua de la red&#8221;"},"content":{"rendered":"<p>El diputado nacional y candidato a gobernador, Juan Carlos Polini, se expres\u00f3 a trav\u00e9s de las redes sociales respecto a la situaci\u00f3n que atraviesan S\u00e1enz Pe\u00f1a, San Bernardo, Villa Angela y ciudades aleda\u00f1as con respecto al agua proveniente de la red de agua potable. Sin tapujos, desafi\u00f3 al gobernador y los directivos de Sameep y defendi\u00f3 a los vecinos.<br \/>\nLa realidad se vive cada vez m\u00e1s como un enfrentamiento entre los ciudadanos preocupados y los funcionarios de Sameep que insisten en que el agua provista est\u00e1 apta para el consumo humano. Hoy, Juan Carlos Polini dijo al respecto: &#8220;Los vecinos est\u00e1n exponiendo su salud utilizando para aseo y consumo, agua turbia y que en ciertos casos denuncian que tambi\u00e9n sale con olor fuerte, y la \u00fanica respuesta del Estado es que mientras perdure esta situaci\u00f3n, no se les van a cobrar las facturas por el servicio&#8221;.<br \/>\nAsimismo, visiblemente preocupado, calific\u00f3 a dicho servicio de &#8220;paup\u00e9rrimo&#8221; y asever\u00f3 que &#8220;se nos burlan en la cara y nos toman por tontos&#8221;. Pidiendo que se respete la dignidad de los ciudadanos y el acceso al agua potable como derecho humano, el actual legislador nacional desafi\u00f3 a los directivos de Sameep y al gobernador a presentarse en la casa de cualquier vecino y aceptar tomar un vaso de agua sacada de la red. &#8220;\u00bfSe animar\u00e1n?&#8221;, concluy\u00f3 dejando abierta la posibilidad a que Capitanich o los responsables de Sameep se hagan eco de este pedido y los veamos muy pronto consumiendo el mismo agua que los ciudadanos de a pie.<\/p>\n","protected":false},"excerpt":{"rendered":"<p>El diputado nacional y candidato a gobernador, Juan Carlos Polini, se expres\u00f3 a trav\u00e9s de las redes sociales respecto a la situaci\u00f3n que atraviesan S\u00e1enz Pe\u00f1a, San Bernardo, Villa Angela y ciudades aleda\u00f1as con respecto al agua proveniente de la red de agua potable. Sin tapujos, desafi\u00f3 al gobernador y los directivos de Sameep y [&hellip;]<\/p>\n","protected":false},"author":1,"featured_media":18329,"comment_status":"closed","ping_status":"closed","sticky":false,"template":"","format":"standard","meta":{"footnotes":""},"categories":[6],"tags":[],"class_list":{"0":"post-18328","1":"post","2":"type-post","3":"status-publish","4":"format-standard","5":"has-post-thumbnail","7":"category-chaco"},"_links":{"self":[{"href":"https:\/\/chacosintesis.com.ar\/index.php\/wp-json\/wp\/v2\/posts\/18328","targetHints":{"allow":["GET"]}}],"collection":[{"href":"https:\/\/chacosintesis.com.ar\/index.php\/wp-json\/wp\/v2\/posts"}],"about":[{"href":"https:\/\/chacosintesis.com.ar\/index.php\/wp-json\/wp\/v2\/types\/post"}],"author":[{"embeddable":true,"href":"https:\/\/chacosintesis.com.ar\/index.php\/wp-json\/wp\/v2\/users\/1"}],"replies":[{"embeddable":true,"href":"https:\/\/chacosintesis.com.ar\/index.php\/wp-json\/wp\/v2\/comments?post=18328"}],"version-history":[{"count":0,"href":"https:\/\/chacosintesis.com.ar\/index.php\/wp-json\/wp\/v2\/posts\/18328\/revisions"}],"wp:featuredmedia":[{"embeddable":true,"href":"https:\/\/chacosintesis.com.ar\/index.php\/wp-json\/wp\/v2\/media\/18329"}],"wp:attachment":[{"href":"https:\/\/chacosintesis.com.ar\/index.php\/wp-json\/wp\/v2\/media?parent=18328"}],"wp:term":[{"taxonomy":"category","embeddable":true,"href":"https:\/\/chacosintesis.com.ar\/index.php\/wp-json\/wp\/v2\/categories?post=18328"},{"taxonomy":"post_tag","embeddable":true,"href":"https:\/\/chacosintesis.com.ar\/index.php\/wp-json\/wp\/v2\/tags?post=18328"}],"curies":[{"name":"wp","href":"https:\/\/api.w.org\/{rel}","templated":true}]}}