{"id":18324,"date":"2023-01-04T11:45:16","date_gmt":"2023-01-04T14:45:16","guid":{"rendered":"https:\/\/chacosintesis.com.ar\/?p=18324"},"modified":"2023-01-04T11:45:52","modified_gmt":"2023-01-04T14:45:52","slug":"tragedia-en-plaza-caminaba-a-la-vera-de-la-ruta-y-fue-atropellado-por-un-colectivo","status":"publish","type":"post","link":"https:\/\/chacosintesis.com.ar\/index.php\/tragedia-en-plaza-caminaba-a-la-vera-de-la-ruta-y-fue-atropellado-por-un-colectivo\/","title":{"rendered":"Tragedia en Plaza: caminaba a la vera de la ruta y fue atropellado por un colectivo"},"content":{"rendered":"<p>El hecho se produjo en las primeras horas de este mi\u00e9rcoles 4 de enero, en ruta N\u00b016, kil\u00f3metro 115 en jurisdicci\u00f3n de Presidencia de la Plaza. El peat\u00f3n fallecido fue identificado como Benjam\u00edn Morales de 72 a\u00f1os. El chofer del bus fue notificado de las actuaciones judiciales por &#8220;Supuesto Homicidio Culposo en Accidente de Tr\u00e1nsito&#8221;.<br \/>\n El hecho se produjo en las primeras horas de este mi\u00e9rcoles 4 de enero, en ruta N\u00b016, kil\u00f3metro 115 en jurisdicci\u00f3n de Presidencia de la Plaza. El peat\u00f3n fallecido fue identificado como Benjam\u00edn Morales de 72 a\u00f1os. El chofer del bus fue notificado de las actuaciones judiciales por &#8220;Supuesto Homicidio Culposo en Accidente de Tr\u00e1nsito&#8221;.<\/p>\n<p>A unos metros, encontraron el cuerpo de un hombre, quien de acuerdo a las primeras investigaciones intercalaba su caminata por la vera de la ruta y el asfalto.<br \/>\nUna hora despu\u00e9s, en el Hospital local, se presentaron familiares del occiso, quienes lo identificaron siendo este Benjam\u00edn Morales de 72 a\u00f1os<br \/>\nConsultado con Fiscal\u00eda N\u00b0 14 del Dr. Francisco As\u00eds de Obald\u00eda Eyseric, dispuso se instruyan actuaciones judiciales en causa &#8220;Supuesto Homicidio Culposo en Accidente de Tr\u00e1nsito y que se de intervenci\u00f3n a la Divisi\u00f3n Criminal\u00edstica Presidencia Roque S\u00e1enz Pe\u00f1a-.<br \/>\n DIARIO NORTE.-<\/p>\n","protected":false},"excerpt":{"rendered":"<p>El hecho se produjo en las primeras horas de este mi\u00e9rcoles 4 de enero, en ruta N\u00b016, kil\u00f3metro 115 en jurisdicci\u00f3n de Presidencia de la Plaza. El peat\u00f3n fallecido fue identificado como Benjam\u00edn Morales de 72 a\u00f1os. El chofer del bus fue notificado de las actuaciones judiciales por &#8220;Supuesto Homicidio Culposo en Accidente de Tr\u00e1nsito&#8221;. [&hellip;]<\/p>\n","protected":false},"author":1,"featured_media":18325,"comment_status":"closed","ping_status":"closed","sticky":false,"template":"","format":"standard","meta":{"footnotes":""},"categories":[6],"tags":[197],"class_list":{"0":"post-18324","1":"post","2":"type-post","3":"status-publish","4":"format-standard","5":"has-post-thumbnail","7":"category-chaco","8":"tag-destacada"},"_links":{"self":[{"href":"https:\/\/chacosintesis.com.ar\/index.php\/wp-json\/wp\/v2\/posts\/18324","targetHints":{"allow":["GET"]}}],"collection":[{"href":"https:\/\/chacosintesis.com.ar\/index.php\/wp-json\/wp\/v2\/posts"}],"about":[{"href":"https:\/\/chacosintesis.com.ar\/index.php\/wp-json\/wp\/v2\/types\/post"}],"author":[{"embeddable":true,"href":"https:\/\/chacosintesis.com.ar\/index.php\/wp-json\/wp\/v2\/users\/1"}],"replies":[{"embeddable":true,"href":"https:\/\/chacosintesis.com.ar\/index.php\/wp-json\/wp\/v2\/comments?post=18324"}],"version-history":[{"count":0,"href":"https:\/\/chacosintesis.com.ar\/index.php\/wp-json\/wp\/v2\/posts\/18324\/revisions"}],"wp:featuredmedia":[{"embeddable":true,"href":"https:\/\/chacosintesis.com.ar\/index.php\/wp-json\/wp\/v2\/media\/18325"}],"wp:attachment":[{"href":"https:\/\/chacosintesis.com.ar\/index.php\/wp-json\/wp\/v2\/media?parent=18324"}],"wp:term":[{"taxonomy":"category","embeddable":true,"href":"https:\/\/chacosintesis.com.ar\/index.php\/wp-json\/wp\/v2\/categories?post=18324"},{"taxonomy":"post_tag","embeddable":true,"href":"https:\/\/chacosintesis.com.ar\/index.php\/wp-json\/wp\/v2\/tags?post=18324"}],"curies":[{"name":"wp","href":"https:\/\/api.w.org\/{rel}","templated":true}]}}