{"id":18319,"date":"2023-01-04T08:00:53","date_gmt":"2023-01-04T11:00:53","guid":{"rendered":"https:\/\/chacosintesis.com.ar\/?p=18319"},"modified":"2023-01-04T08:08:02","modified_gmt":"2023-01-04T11:08:02","slug":"el-iprodich-como-vinculo-para-brindar-herramientas-y-acercar-beneficios-que-permitan-una-mejor-calidad-de-vida","status":"publish","type":"post","link":"https:\/\/chacosintesis.com.ar\/index.php\/el-iprodich-como-vinculo-para-brindar-herramientas-y-acercar-beneficios-que-permitan-una-mejor-calidad-de-vida\/","title":{"rendered":"El Iprodich como v\u00ednculo para brindar herramientas y acercar beneficios que permitan una mejor calidad de vida"},"content":{"rendered":"<p>Walter Lenkovich, vicepresidente del Instituto Provincial para la Inclusi\u00f3n de las Personas con Discapacidad del Chaco (Iprodich), repas\u00f3 el trabajo llevado adelante durante el 2022 por el organismo provincial. Asimismo, remarc\u00f3 el trabajo inclusivo relacionado al deporte.<\/p>\n<p> El vicepresidente del Instituto Provincial para la Inclusi\u00f3n de las Personas con Discapacidad del Chaco (Iprodich), Walter Lenkovich, analiz\u00f3 lo que dej\u00f3 el 2022 en materia institucional y social. Adem\u00e1s, hizo un balance de lo deportivo referido a \u201ckarting adaptado\u201d, categor\u00eda creada por \u00e9l a nivel nacional, la cual tiene participaciones en distintos puntos geogr\u00e1ficos y con resultados positivos.<br \/>\n\u201cTrabajamos intensamente a lo largo y ancho de la provincia con el claro objetivo de brindar las herramientas necesarias para alcanzar la dignidad y los derechos de todas las personas con discapacidad\u201d, expres\u00f3 el funcionario provincial, adem\u00e1s de agradecer \u201cal gobernador Jorge Capitanich por acercar las m\u00faltiples pol\u00edticas p\u00fablicas a cada rinc\u00f3n del suelo chaque\u00f1o y al presidente del organismo provincial Jos\u00e9 Lorenzo por todo el trabajo realizado a lo largo del 2022\u201d.<br \/>\nEl Instituto Provincial para la Inclusi\u00f3n de las Personas con Discapacidad (Iprodich) es un organismo aut\u00e1rquico del Poder Ejecutivo del Chaco que tiene como objetivo principal contribuir a la inclusi\u00f3n social responsable de las personas con discapacidad.<br \/>\n\u201cAcercamos diversos beneficios de las personas con discapacidad en cuanto a tener mejor movilidad, cobertura sanitaria, servicios p\u00fablicos y muchas herramientas m\u00e1s que les permite tener una mejor calidad de vida\u201d, destac\u00f3 Lenkovich, a lo que a\u00f1adi\u00f3, \u201cDesde el Iprodich buscamos ser el acceso a los derechos y dignidad de las personas que m\u00e1s nos necesitan\u201d, finaliz\u00f3.<\/p>\n<p>Deporte e inclusi\u00f3n<br \/>\n Por otra parte, el funcionario y deportista chaque\u00f1o repas\u00f3 el trabajo llevado adelante con su karting adaptado durante el 2022, teniendo en cuenta que el piloto es el creador de la categor\u00eda \u201ckarting adaptado\u201d en todo el pa\u00eds. \u201cDe a poco la categor\u00eda fue tomando forma durante este a\u00f1o, creando conciencia y experiencia\u201d, remarc\u00f3 el corredor. A su vez, record\u00f3: \u201cTodo esto no es tan f\u00e1cil y por eso es que somos la \u00fanica en el pa\u00eds\u201d.<br \/>\nAdem\u00e1s, Lenkovich a fines del a\u00f1o pasado, fue reconocido por el C\u00edrculo de Periodistas del Chaco por su desempe\u00f1o y ser el primer corredor de karting adaptado en la provincia. Cabe destacar que desde la C\u00e1mara de Diputados del Chaco el deportista recibi\u00f3 un homenaje, adem\u00e1s de ser distinguido en m\u00faltiples eventos por parte de las instituciones de diversas localidades.<\/p>\n","protected":false},"excerpt":{"rendered":"<p>Walter Lenkovich, vicepresidente del Instituto Provincial para la Inclusi\u00f3n de las Personas con Discapacidad del Chaco (Iprodich), repas\u00f3 el trabajo llevado adelante durante el 2022 por el organismo provincial. Asimismo, remarc\u00f3 el trabajo inclusivo relacionado al deporte. El vicepresidente del Instituto Provincial para la Inclusi\u00f3n de las Personas con Discapacidad del Chaco (Iprodich), Walter Lenkovich, [&hellip;]<\/p>\n","protected":false},"author":1,"featured_media":18320,"comment_status":"closed","ping_status":"closed","sticky":false,"template":"","format":"standard","meta":{"footnotes":""},"categories":[6],"tags":[],"class_list":{"0":"post-18319","1":"post","2":"type-post","3":"status-publish","4":"format-standard","5":"has-post-thumbnail","7":"category-chaco"},"_links":{"self":[{"href":"https:\/\/chacosintesis.com.ar\/index.php\/wp-json\/wp\/v2\/posts\/18319","targetHints":{"allow":["GET"]}}],"collection":[{"href":"https:\/\/chacosintesis.com.ar\/index.php\/wp-json\/wp\/v2\/posts"}],"about":[{"href":"https:\/\/chacosintesis.com.ar\/index.php\/wp-json\/wp\/v2\/types\/post"}],"author":[{"embeddable":true,"href":"https:\/\/chacosintesis.com.ar\/index.php\/wp-json\/wp\/v2\/users\/1"}],"replies":[{"embeddable":true,"href":"https:\/\/chacosintesis.com.ar\/index.php\/wp-json\/wp\/v2\/comments?post=18319"}],"version-history":[{"count":0,"href":"https:\/\/chacosintesis.com.ar\/index.php\/wp-json\/wp\/v2\/posts\/18319\/revisions"}],"wp:featuredmedia":[{"embeddable":true,"href":"https:\/\/chacosintesis.com.ar\/index.php\/wp-json\/wp\/v2\/media\/18320"}],"wp:attachment":[{"href":"https:\/\/chacosintesis.com.ar\/index.php\/wp-json\/wp\/v2\/media?parent=18319"}],"wp:term":[{"taxonomy":"category","embeddable":true,"href":"https:\/\/chacosintesis.com.ar\/index.php\/wp-json\/wp\/v2\/categories?post=18319"},{"taxonomy":"post_tag","embeddable":true,"href":"https:\/\/chacosintesis.com.ar\/index.php\/wp-json\/wp\/v2\/tags?post=18319"}],"curies":[{"name":"wp","href":"https:\/\/api.w.org\/{rel}","templated":true}]}}