{"id":18313,"date":"2023-01-03T22:14:12","date_gmt":"2023-01-04T01:14:12","guid":{"rendered":"https:\/\/chacosintesis.com.ar\/?p=18313"},"modified":"2023-01-03T22:21:37","modified_gmt":"2023-01-04T01:21:37","slug":"capitanich-la-corte-pisotea-el-federalismo-destruye-el-sistema-republicano-y-afecta-la-representatividad","status":"publish","type":"post","link":"https:\/\/chacosintesis.com.ar\/index.php\/capitanich-la-corte-pisotea-el-federalismo-destruye-el-sistema-republicano-y-afecta-la-representatividad\/","title":{"rendered":"Capitanich: \u201cLa Corte pisotea el federalismo, destruye el sistema republicano y afecta la representatividad\u201d"},"content":{"rendered":"<p>El gobernador Jorge Capitanich, antes de participar de la reuni\u00f3n convocada por el presidente Alberto Fernandez, en di\u00e1logo con Radio 10 reiter\u00f3 su postura en torno al pedido de juicio pol\u00edtico a jueces de la Corte Suprema. \u201cLa Corte est\u00e1 pisoteando al federalismo, destruye al sistema republicano y afecta la representatividad\u201d, resalt\u00f3 el gobernador en el programa conducido por Mauro Federico , a la vez que afirm\u00f3 que las causales de juicio pol\u00edtico para los miembros de la Corte Suprema \u201cson m\u00e1s que elocuentes\u201d.<\/p>\n<p>Capitanich asegur\u00f3 que ha sido convocado junto a otros gobernadores por el presidente Alberto Fernandez que adhieren a la iniciativa de promover el juicio pol\u00edtico a los integrantes de la Corte Suprema de Justicia por mal desempe\u00f1o en sus funciones, seg\u00fan lo prev\u00e9 el art\u00edculo 53 de la Constituci\u00f3n Nacional.<\/p>\n<p> \u201cLas causales de juicio pol\u00edtico est\u00e1n ampliamente detalladas y son m\u00e1s que elocuentes. Se puede invocar desde la violaci\u00f3n a la Ley de Etica Publica hasta la manera horripilante en que un fallo planteo la inconstitucionalidad de una ley que regia desde hace 16 a\u00f1os, en materia de la conformaci\u00f3n del Consejo de la Magistratura y restituyo la ley 24937 para que el presidente de la Corte Suprema sea al mismo tiempo presidente del Consejo de la Magistratura\u201d, djio el gobernador del Chaco.<\/p>\n<p> \u201cConcretamente hemos observado que esta es una Corte parcial y responde a un partido pol\u00edtico o a una coalici\u00f3n electoral , pero no responde al conjunto del pueblo argentino\u201d, remarc\u00f3.<\/p>\n<p>\u201cCon el fallo favoreciendo a la regi\u00f3n m\u00e1s rica del pa\u00eds ( que favorece a la CABA por la coparticipaci\u00f3n) , queda claro que no defienden la vida, ni el honor, ni la libertad ,ni el patrimonio de los argentinos y argentinas, sino que tiene una parcialidad pol\u00edtica con el objetivo de apoyar a un candidato definido, violando todas las leyes\u201d, dijo Capitanich<\/p>\n<p>Y agreg\u00f3 que los cuatros miembros de la Corte Suprema tienen causales &#8211; seg\u00fan el art\u00edculo 53 &#8211; vinculadas al mal desempe\u00f1o de sus funciones y que son plausibles de ser sometidos a un juicio pol\u00edtico.<\/p>\n<p> \u201cObservamos que el poder econ\u00f3mico mediante la construcci\u00f3n de sentido v\u00eda la concentraci\u00f3n de grupos medi\u00e1ticos coptan al Poder Judicial y funcionarios que no son elegidos por la voluntad popular terminan gobernando. Son un poder f\u00e1ctico concentrado que maneja los resortes del poder vulnerando la voluntad popular y en consecuencia cercena los derechos de las mayor\u00edas\u201d, remarc\u00f3 .<\/p>\n<p> \u201cNo puede funcionar una Justicia con parcialidad pol\u00edtica. Tiene que ser aut\u00f3noma e independiente, no solo del poder pol\u00edtico sino tambi\u00e9n de las corporaciones que son las que urden maniobras que conspiran contra la Constituci\u00f3n Nacional\u201d, dijo .<\/p>\n<p> Capitanich estim\u00f3 que est\u00e1n dadas las condiciones para habilitar el inicio del proceso de juicio pol\u00edtico y a partir de ah\u00ed &#8211; como ya ocurri\u00f3 durante la presidencia de Nestro Kirchner cuando se renovaron las jueces de la Corte Suprema- , utilizar las herramientas que habilita la Constituci\u00f3n Nacional.<\/p>\n<p>Agenda pol\u00edtica para el 2023<br \/>\nEl gobernador del Chaco se mostr\u00f3 convencido de que \u201cla agenda pol\u00edtica a construir para el 2023 tiene ser de car\u00e1cter institucional, social y federal . Por eso es absolutamente necesario primero hay que trabajar en lo institucional, porque no puede ser que los jueces no paguen impuestos a las ganancias, no puede ser que la Corte Suprema sea una cofradia con cooptaci\u00f3n del poder economico, no puede ser que tenga una clara vinculaci\u00f3n a una parcialidad pol\u00edtica. Por lo tanto es necesario construir consensos para la agenda institucional. Segundo , marco la necesidad de acuerdos program\u00e1ticos que permitan sostener el crecimiento , mejorar las condiciones salariales y la calidad de vida del pueblo. Y en tercer lugar, logrado los puntos anteriores afrontar los desaf\u00edos internacionales en cuestiones vinculadas a la insatisfacci\u00f3n democr\u00e1tica, el cambio clim\u00e1tico y las desigualdades sociales  estructurales\u201d.<\/p>\n<p> En este contexto, marc\u00f3 la necesidad de un profundo cambio institucional y un acuerdo program\u00e1tico que permitiera gobernar de manera eficaz . \u201cEn este contexto con las restricciones institucionales, el pa\u00eds se torna ingobernable. Por eso el peronismo siempre ha demostrado una enorme capacidad pol\u00edtica para gobernar a trav\u00e9s de la voluntad popular y el consenso\u201d.<\/p>\n","protected":false},"excerpt":{"rendered":"<p>El gobernador Jorge Capitanich, antes de participar de la reuni\u00f3n convocada por el presidente Alberto Fernandez, en di\u00e1logo con Radio 10 reiter\u00f3 su postura en torno al pedido de juicio pol\u00edtico a jueces de la Corte Suprema. \u201cLa Corte est\u00e1 pisoteando al federalismo, destruye al sistema republicano y afecta la representatividad\u201d, resalt\u00f3 el gobernador en [&hellip;]<\/p>\n","protected":false},"author":1,"featured_media":18314,"comment_status":"closed","ping_status":"closed","sticky":false,"template":"","format":"standard","meta":{"footnotes":""},"categories":[8],"tags":[],"class_list":{"0":"post-18313","1":"post","2":"type-post","3":"status-publish","4":"format-standard","5":"has-post-thumbnail","7":"category-nacionales"},"_links":{"self":[{"href":"https:\/\/chacosintesis.com.ar\/index.php\/wp-json\/wp\/v2\/posts\/18313","targetHints":{"allow":["GET"]}}],"collection":[{"href":"https:\/\/chacosintesis.com.ar\/index.php\/wp-json\/wp\/v2\/posts"}],"about":[{"href":"https:\/\/chacosintesis.com.ar\/index.php\/wp-json\/wp\/v2\/types\/post"}],"author":[{"embeddable":true,"href":"https:\/\/chacosintesis.com.ar\/index.php\/wp-json\/wp\/v2\/users\/1"}],"replies":[{"embeddable":true,"href":"https:\/\/chacosintesis.com.ar\/index.php\/wp-json\/wp\/v2\/comments?post=18313"}],"version-history":[{"count":0,"href":"https:\/\/chacosintesis.com.ar\/index.php\/wp-json\/wp\/v2\/posts\/18313\/revisions"}],"wp:featuredmedia":[{"embeddable":true,"href":"https:\/\/chacosintesis.com.ar\/index.php\/wp-json\/wp\/v2\/media\/18314"}],"wp:attachment":[{"href":"https:\/\/chacosintesis.com.ar\/index.php\/wp-json\/wp\/v2\/media?parent=18313"}],"wp:term":[{"taxonomy":"category","embeddable":true,"href":"https:\/\/chacosintesis.com.ar\/index.php\/wp-json\/wp\/v2\/categories?post=18313"},{"taxonomy":"post_tag","embeddable":true,"href":"https:\/\/chacosintesis.com.ar\/index.php\/wp-json\/wp\/v2\/tags?post=18313"}],"curies":[{"name":"wp","href":"https:\/\/api.w.org\/{rel}","templated":true}]}}