{"id":18296,"date":"2022-12-12T14:39:00","date_gmt":"2022-12-12T17:39:00","guid":{"rendered":"https:\/\/chacosintesis.com.ar\/?p=18296"},"modified":"2023-01-03T08:45:34","modified_gmt":"2023-01-03T11:45:34","slug":"nueva-sede-del-tribunal-electoral-cuesta-destaco-las-mejoras-edilicias-que-beneficiaran-a-las-y-los-trabajadores-2","status":"publish","type":"post","link":"https:\/\/chacosintesis.com.ar\/index.php\/nueva-sede-del-tribunal-electoral-cuesta-destaco-las-mejoras-edilicias-que-beneficiaran-a-las-y-los-trabajadores-2\/","title":{"rendered":"Nueva sede del Tribunal Electoral: Cuesta destac\u00f3 las mejoras edilicias que beneficiar\u00e1n a las y los trabajadores"},"content":{"rendered":"\n<p>Con el objetivo de brindar mejores condiciones laborales, la presidenta del Poder Legislativo, Elida Cuesta, encabez\u00f3 la inauguraci\u00f3n de la nueva sede del Tribunal Electoral del Chaco, ubicado en Jos\u00e9 Mar\u00eda Paz 343. Durante el evento, la titular del cuerpo felicit\u00f3 al presidente Rolando Ignacio Toledo y a las y los trabajadores que gracias a las mejores condiciones edilicias continuar\u00e1n trabajando para fortalecer el sistema electoral.<\/p>\n\n\n\n<p><br>Adem\u00e1s, estuvieron presentes la presidenta del Superior Tribunal de Justicia (STJ), Emilia Valle; el ministro del STJ, V\u00edctor Del R\u00edo; as\u00ed como las y los diputados Hugo Sager, Gricelda Ojeda, Nicol\u00e1s Slimel, Mariela Quir\u00f3s y Rodrigo Ocampo.<\/p>\n\n\n\n<p><br>Cuesta destac\u00f3 la importancia de que el Tribunal Electoral tenga su sede en el edificio del Poder Legislativo, haciendo cumplir la ley. \u201cEstamos felices, hoy las y los trabajadores tienen un amplio espacio para desarrollar su trabajo en un edificio acorde a sus necesidades, lo que fortalece el sistema democr\u00e1tico en la provincia\u201d, manifest\u00f3.<br>Adem\u00e1s, reiter\u00f3 el pedido sobre el Palacio Legislativo y remarc\u00f3 el esfuerzo de las y los trabajadores al destacar la tarea en conjunto de los tres poderes del Estado. \u201cQuiero agradecer a las y los trabajadores legislativos, al presidente del Rolando Toledo y a todo su equipo, por el esfuerzo de todas y todos. Hoy pudimos inaugurar este edificio y corresponder la destacada labor de las y los empleados del Tribunal Electoral\u201d, asever\u00f3.<br>Por su parte, Toledo destac\u00f3 que el nuevo edificio cuenta con las mejores condiciones para el traslado y el resguardo de las urnas. \u201cLa planta baja y el primer piso de este nuevo edificio cuentan con las condiciones \u00f3ptimas para el ingreso de las urnas, en tanto los otros pisos est\u00e1n adaptados para el centro de c\u00f3mputos, por lo que vamos a mejorar el servicio del Tribunal\u201d, remarc\u00f3<\/p>\n","protected":false},"excerpt":{"rendered":"<p>Con el objetivo de brindar mejores condiciones laborales, la presidenta del Poder Legislativo, Elida Cuesta, encabez\u00f3 la inauguraci\u00f3n de la nueva sede del Tribunal Electoral del Chaco, ubicado en Jos\u00e9 Mar\u00eda Paz 343. Durante el evento, la titular del cuerpo felicit\u00f3 al presidente Rolando Ignacio Toledo y a las y los trabajadores que gracias a [&hellip;]<\/p>\n","protected":false},"author":10001,"featured_media":18297,"comment_status":"closed","ping_status":"closed","sticky":false,"template":"","format":"standard","meta":{"footnotes":""},"categories":[6],"tags":[202],"class_list":{"0":"post-18296","1":"post","2":"type-post","3":"status-publish","4":"format-standard","5":"has-post-thumbnail","7":"category-chaco","8":"tag-legislatura"},"_links":{"self":[{"href":"https:\/\/chacosintesis.com.ar\/index.php\/wp-json\/wp\/v2\/posts\/18296","targetHints":{"allow":["GET"]}}],"collection":[{"href":"https:\/\/chacosintesis.com.ar\/index.php\/wp-json\/wp\/v2\/posts"}],"about":[{"href":"https:\/\/chacosintesis.com.ar\/index.php\/wp-json\/wp\/v2\/types\/post"}],"author":[{"embeddable":true,"href":"https:\/\/chacosintesis.com.ar\/index.php\/wp-json\/wp\/v2\/users\/10001"}],"replies":[{"embeddable":true,"href":"https:\/\/chacosintesis.com.ar\/index.php\/wp-json\/wp\/v2\/comments?post=18296"}],"version-history":[{"count":0,"href":"https:\/\/chacosintesis.com.ar\/index.php\/wp-json\/wp\/v2\/posts\/18296\/revisions"}],"wp:featuredmedia":[{"embeddable":true,"href":"https:\/\/chacosintesis.com.ar\/index.php\/wp-json\/wp\/v2\/media\/18297"}],"wp:attachment":[{"href":"https:\/\/chacosintesis.com.ar\/index.php\/wp-json\/wp\/v2\/media?parent=18296"}],"wp:term":[{"taxonomy":"category","embeddable":true,"href":"https:\/\/chacosintesis.com.ar\/index.php\/wp-json\/wp\/v2\/categories?post=18296"},{"taxonomy":"post_tag","embeddable":true,"href":"https:\/\/chacosintesis.com.ar\/index.php\/wp-json\/wp\/v2\/tags?post=18296"}],"curies":[{"name":"wp","href":"https:\/\/api.w.org\/{rel}","templated":true}]}}