{"id":18290,"date":"2022-12-01T14:05:00","date_gmt":"2022-12-01T17:05:00","guid":{"rendered":"https:\/\/chacosintesis.com.ar\/?p=18290"},"modified":"2023-01-03T08:32:26","modified_gmt":"2023-01-03T11:32:26","slug":"cuesta-brindar-este-espacio-a-las-y-los-jovenes-fortalece-la-democracia","status":"publish","type":"post","link":"https:\/\/chacosintesis.com.ar\/index.php\/cuesta-brindar-este-espacio-a-las-y-los-jovenes-fortalece-la-democracia\/","title":{"rendered":"Cuesta: \u201cBrindar este espacio a las y los j\u00f3venes fortalece la democracia\u201d"},"content":{"rendered":"\n<p>Con una vasta producci\u00f3n legislativa, el programa de participaci\u00f3n para las y los j\u00f3venes Poder Legislativo Juvenil cerr\u00f3, este jueves, su edici\u00f3n 2022. En el \u00faltimo encuentro, se sancionaron ocho proyectos de idea, sumando m\u00e1s de 19 iniciativas durante las cuatro sesiones que se realizaron este a\u00f1o que abordaron tem\u00e1ticas como la educaci\u00f3n, el cuidado del medio ambiente, la cultura, la inclusi\u00f3n, el empleo joven y la promoci\u00f3n de la pr\u00e1ctica deportiva. La presidenta del cuerpo, Elida Cuesta, destac\u00f3 que la participaci\u00f3n de las y los estudiantes \u201cfortalece la democracia\u201d dando voz, voto y representaci\u00f3n a la juventud.<br>Cuesta agradeci\u00f3 la participaci\u00f3n, el compromiso y la dedicaci\u00f3n de quienes participaron del programa, adem\u00e1s del acompa\u00f1amiento de todas las autoridades en las distintas sesiones. \u201cEstamos felices de abrir las puertas del Poder Legislativo para que la juventud pueda expresarse, sentirse escuchada y hacerla part\u00edcipe de la vida democr\u00e1tica de la provincia, promoviendo siempre el respeto a las distintas formas de pensar\u201d, manifest\u00f3 la presidenta.<br>Adem\u00e1s, asegur\u00f3 que estos espacios de participaci\u00f3n enriquecen la tarea legislativa de las y los representantes del pueblo. \u201cCuando asumimos la responsabilidad de conducir el Poder Legislativo nos planteamos estar cerca de la gente, cerca de cada chaque\u00f1a y chaque\u00f1o para representarlos de la mejor manera. Por eso creo que brindarles este espacio de participaci\u00f3n fortalece la democracia\u201d, asever\u00f3.<\/p>\n\n\n\n<p>Canteros Reiser: \u201cEste programa permite que las y los j\u00f3venes se formen como ciudadanos\u201d<br>La diputada Silvina Canteros Reiser manifest\u00f3 su satisfacci\u00f3n por la realizaci\u00f3n de una nueva edici\u00f3n del programa y agradeci\u00f3 el trabajo en conjunto desde la Legislatura para llevar adelante las distintas jornadas. \u201cEsperemos que el a\u00f1o que viene se pueda continuar; hay buena voluntad de seguir con este proyecto que es tan importante para traer la voz de las y los j\u00f3venes y cumplir con esta ley que es una instituci\u00f3n dentro de esta Legislatura y que permite que las y los chicos aprendan la din\u00e1mica de la labor legislativa, se formen como ciudadanos con responsabilidad en la cuesti\u00f3n dirigencial. De esta manera tambi\u00e9n estamos cumpliendo con la Convenci\u00f3n de las Ni\u00f1as, Ni\u00f1os y Adolescentes\u201d.<br>En tanto el legislador Rodrigo Ocampo celebr\u00f3 la culminaci\u00f3n del programa manifestando que \u201ces una gran satisfacci\u00f3n, porque cuando iniciamos el proceso muchos j\u00f3venes de la provincia quer\u00edan un \u00e1mbito de participaci\u00f3n, porque eso fortalece la democracia, son estudiantes que vuelven a sus pueblos con otras ideas, otra forma de pensar la realidad, lo cual conecta con la visi\u00f3n que tenemos de ser una Legislatura m\u00e1s abierta y generando soluciones para la comunidad en todo el Chaco. Son chicos de 16 y 17 a\u00f1os que tienen una visi\u00f3n de c\u00f3mo mejorar la provincia, desde la protecci\u00f3n del ambiente, la econom\u00eda en sus pueblos y el sistema educativo\u201d.<\/p>\n\n\n\n<p>\u201cEs importante para nosotros sentirnos escuchados\u201d<br>El presidente del cuerpo de legisladores j\u00f3venes, Emanuel Rodr\u00edguez Herrera, asegur\u00f3 que el programa implementado por la Casa de la Democracia fortalece el debate y la discusi\u00f3n entre las y los j\u00f3venes. \u201cLas y los pibes tienen su agenda propia, con temas que nos interesan y atraviesan nuestra realidad, por eso estamos agradecidos con el Poder Legislativo por implementar este programa\u201d, manifest\u00f3.<br>Por su parte, la vicepresidenta primera del Poder Legislativo Juvenil, Camila Mar\u00edn, agradeci\u00f3 ser parte del programa y vivir esta experiencia enriquecedora para todos. \u201cDicen que las y los j\u00f3venes somos el futuro, y para nosotros es muy importante sentirnos escuchados, que nos den este empuje para involucrarnos con nuestra realidad y conocer la realidad de otros chicos. Fue una experiencia muy enriquecedora para todos\u201d, reiter\u00f3.<\/p>\n\n\n\n<p><\/p>\n","protected":false},"excerpt":{"rendered":"<p>Con una vasta producci\u00f3n legislativa, el programa de participaci\u00f3n para las y los j\u00f3venes Poder Legislativo Juvenil cerr\u00f3, este jueves, su edici\u00f3n 2022. En el \u00faltimo encuentro, se sancionaron ocho proyectos de idea, sumando m\u00e1s de 19 iniciativas durante las cuatro sesiones que se realizaron este a\u00f1o que abordaron tem\u00e1ticas como la educaci\u00f3n, el cuidado [&hellip;]<\/p>\n","protected":false},"author":10001,"featured_media":18291,"comment_status":"closed","ping_status":"closed","sticky":false,"template":"","format":"standard","meta":{"footnotes":""},"categories":[6],"tags":[202],"class_list":{"0":"post-18290","1":"post","2":"type-post","3":"status-publish","4":"format-standard","5":"has-post-thumbnail","7":"category-chaco","8":"tag-legislatura"},"_links":{"self":[{"href":"https:\/\/chacosintesis.com.ar\/index.php\/wp-json\/wp\/v2\/posts\/18290","targetHints":{"allow":["GET"]}}],"collection":[{"href":"https:\/\/chacosintesis.com.ar\/index.php\/wp-json\/wp\/v2\/posts"}],"about":[{"href":"https:\/\/chacosintesis.com.ar\/index.php\/wp-json\/wp\/v2\/types\/post"}],"author":[{"embeddable":true,"href":"https:\/\/chacosintesis.com.ar\/index.php\/wp-json\/wp\/v2\/users\/10001"}],"replies":[{"embeddable":true,"href":"https:\/\/chacosintesis.com.ar\/index.php\/wp-json\/wp\/v2\/comments?post=18290"}],"version-history":[{"count":0,"href":"https:\/\/chacosintesis.com.ar\/index.php\/wp-json\/wp\/v2\/posts\/18290\/revisions"}],"wp:featuredmedia":[{"embeddable":true,"href":"https:\/\/chacosintesis.com.ar\/index.php\/wp-json\/wp\/v2\/media\/18291"}],"wp:attachment":[{"href":"https:\/\/chacosintesis.com.ar\/index.php\/wp-json\/wp\/v2\/media?parent=18290"}],"wp:term":[{"taxonomy":"category","embeddable":true,"href":"https:\/\/chacosintesis.com.ar\/index.php\/wp-json\/wp\/v2\/categories?post=18290"},{"taxonomy":"post_tag","embeddable":true,"href":"https:\/\/chacosintesis.com.ar\/index.php\/wp-json\/wp\/v2\/tags?post=18290"}],"curies":[{"name":"wp","href":"https:\/\/api.w.org\/{rel}","templated":true}]}}