{"id":18280,"date":"2023-01-03T07:30:29","date_gmt":"2023-01-03T10:30:29","guid":{"rendered":"https:\/\/chacosintesis.com.ar\/?p=18280"},"modified":"2023-01-03T07:36:40","modified_gmt":"2023-01-03T10:36:40","slug":"blanquet-el-aumento-se-realiza-de-manera-paulatina-priorizando-el-ingreso-de-las-familias-chaquenas","status":"publish","type":"post","link":"https:\/\/chacosintesis.com.ar\/index.php\/blanquet-el-aumento-se-realiza-de-manera-paulatina-priorizando-el-ingreso-de-las-familias-chaquenas\/","title":{"rendered":"Blanquet: &#8220;El aumento se realiza de manera paulatina, priorizando el ingreso de las familias chaque\u00f1as&#8221;"},"content":{"rendered":"<p>El titular de la empresa estatal de energ\u00eda record\u00f3 que el aumento fue anunciado en junio del 2022 y se implement\u00f3 por tramos. La actualizaci\u00f3n est\u00e1 &#8220;muy por debajo de la inflaci\u00f3n porque se tiene como prioridad el bolsillo de las familias chaque\u00f1as&#8221;, remarc\u00f3. Adem\u00e1s, consider\u00f3 que el sistema se muestra &#8220;m\u00e1s inestable&#8221; en este inicio de a\u00f1o, a pesar de las altas temperaturas.<\/p>\n<p>El presidente del Directorio de Secheep, Gast\u00f3n Blanquet, se refiri\u00f3 a la actualizaci\u00f3n tarifaria comunicada el \u00faltimo fin de semana, que se ubicar\u00e1 en el 8% para usuarios residenciales y tendr\u00e1 impacto en las facturas de febrero y marzo, en l\u00edneas generales.<br \/>\nEn esa l\u00ednea, record\u00f3 que en una audiencia p\u00fablica realizada en junio del a\u00f1o pasado, la empresa &#8220;demostr\u00f3 la necesidad&#8221; del aumento, de acuerdo a un plan de obras en ejecuci\u00f3n y que abarca a &#8220;todo el territorio provincial&#8221;.<br \/>\n&#8220;El Gobierno provincial decidi\u00f3 implementar esa actualizaci\u00f3n de manera paulatina, para no generar un impacto tan importante en el bolsillo de las chaque\u00f1a y los chaque\u00f1os, y se terminar\u00e1 de concretar seis meses despu\u00e9s de la audiencia, con el incremento en el Valor Agregado de Distribuci\u00f3n, es decir, de entre un 7 y un 8%&#8221;, explic\u00f3.<br \/>\nBlanquet asegur\u00f3 que la actualizaci\u00f3n est\u00e1 &#8220;muy por debajo de la inflaci\u00f3n&#8221; porque se tiene como &#8220;prioridad&#8221; el bolsillo de las familias chaque\u00f1as.<br \/>\nEl presidente de Secheep apunt\u00f3 adem\u00e1s que los recursos generados ser\u00e1n destinados a cumplir con el plan de obras para este a\u00f1o, pero advirti\u00f3 que &#8220;los materiales que utilizamos son cobre, aluminio y silicio que se referencian a precios internacionales&#8221;.<\/p>\n<p>Obras en ejecuci\u00f3n<br \/>\nEntre los trabajos a realizar, se encuentran obras que ya est\u00e1n siendo ejecutadas, como los dos centros de distribuci\u00f3n en la zona sur del \u00c1rea Metropolitana del Gran Resistencia, que van a ser alimentados por la estaci\u00f3n Puerto Vilelas.<br \/>\nEn tanto, en la zona norte, Sarmiento  pasando la autov\u00eda Nicol\u00e1s Avellaneda, se est\u00e1 iniciando la una obra de 132 Kw,  que tambi\u00e9n es parte de la planificaci\u00f3n del desarrollo urbano que se proyecta para los pr\u00f3ximos 20 a\u00f1os el \u00c1rea Metropolitana<br \/>\n&#8220;Cuando est\u00e9n concluidas que ambas obras, que en realidad son tres son dos en el sur y una en la zona norte;  van a descomprimir el sistema y generar alternativas de alimentaci\u00f3n en cuanto a contingencia&#8221;, asegur\u00f3.<br \/>\nBlanquet entendi\u00f3 que estas obras, sumadas a las de mantenimiento y expansi\u00f3n que se ejecutaron en las l\u00edneas de baja tensi\u00f3n est\u00e1n &#8220;repercutiendo muy positivamente&#8221;.<br \/>\n&#8220;Ya en este verano pasamos temperaturas de 47 o 48 grados y el sistema el\u00e9ctrico se ha comportado de manera muy estable y fiable&#8221;, analiz\u00f3.<br \/>\nNo obstante, admiti\u00f3 que en las primeras jornadas del a\u00f1o existieron algunos inconvenientes &#8220;puntuales&#8221; en algunas zonas de la capital provincial, puntualmente en los horarios &#8220;m\u00e1s cr\u00edticos y sensibles&#8221;. &#8220;Hemos tenido un promedio de atenci\u00f3n de entre la hora y media: comparado con lo ocurrido el a\u00f1o pasado, los \u00edndices de calidad que pudimos observar en noviembre y diciembre ha mejorado considerablemente&#8221;, sostuvo.<\/p>\n<p>Hurtos y vandalismo<br \/>\nEl presidente del Secheep indic\u00f3 finalmente que la problem\u00e1tica vinculada a los robos y la destrucci\u00f3n de equipos se ha profundizado en los \u00faltimos a\u00f1os, con la consecuente afectaci\u00f3n del sistema de baja tensi\u00f3n.<br \/>\n&#8220;Los descargadores son cables de aluminio que van por el costado de la subestaci\u00f3n, a tierra; y lamentablemente hemos tenido una cantidad considerable de hurtos que generan estos problemas de baja tensi\u00f3n&#8221;, plante\u00f3.<br \/>\nEn esa l\u00ednea cont\u00f3 que la empresa toma conocimiento de estos hechos en virtud de los reclamos de los clientes y acciona r\u00e1pidamente, pero la recurrencia de estos eventos hace que las respuestas parezcan poco eficaces.<br \/>\n&#8220;Las personas que se dedican a esto pasan por los mismos lugares porque nos ha pasado que hemos puesto los descargadores a tierra  m\u00e1s de tres veces&#8221;, asegur\u00f3.<\/p>\n","protected":false},"excerpt":{"rendered":"<p>El titular de la empresa estatal de energ\u00eda record\u00f3 que el aumento fue anunciado en junio del 2022 y se implement\u00f3 por tramos. La actualizaci\u00f3n est\u00e1 &#8220;muy por debajo de la inflaci\u00f3n porque se tiene como prioridad el bolsillo de las familias chaque\u00f1as&#8221;, remarc\u00f3. Adem\u00e1s, consider\u00f3 que el sistema se muestra &#8220;m\u00e1s inestable&#8221; en este [&hellip;]<\/p>\n","protected":false},"author":1,"featured_media":18281,"comment_status":"closed","ping_status":"closed","sticky":false,"template":"","format":"standard","meta":{"footnotes":""},"categories":[6],"tags":[197],"class_list":{"0":"post-18280","1":"post","2":"type-post","3":"status-publish","4":"format-standard","5":"has-post-thumbnail","7":"category-chaco","8":"tag-destacada"},"_links":{"self":[{"href":"https:\/\/chacosintesis.com.ar\/index.php\/wp-json\/wp\/v2\/posts\/18280","targetHints":{"allow":["GET"]}}],"collection":[{"href":"https:\/\/chacosintesis.com.ar\/index.php\/wp-json\/wp\/v2\/posts"}],"about":[{"href":"https:\/\/chacosintesis.com.ar\/index.php\/wp-json\/wp\/v2\/types\/post"}],"author":[{"embeddable":true,"href":"https:\/\/chacosintesis.com.ar\/index.php\/wp-json\/wp\/v2\/users\/1"}],"replies":[{"embeddable":true,"href":"https:\/\/chacosintesis.com.ar\/index.php\/wp-json\/wp\/v2\/comments?post=18280"}],"version-history":[{"count":0,"href":"https:\/\/chacosintesis.com.ar\/index.php\/wp-json\/wp\/v2\/posts\/18280\/revisions"}],"wp:featuredmedia":[{"embeddable":true,"href":"https:\/\/chacosintesis.com.ar\/index.php\/wp-json\/wp\/v2\/media\/18281"}],"wp:attachment":[{"href":"https:\/\/chacosintesis.com.ar\/index.php\/wp-json\/wp\/v2\/media?parent=18280"}],"wp:term":[{"taxonomy":"category","embeddable":true,"href":"https:\/\/chacosintesis.com.ar\/index.php\/wp-json\/wp\/v2\/categories?post=18280"},{"taxonomy":"post_tag","embeddable":true,"href":"https:\/\/chacosintesis.com.ar\/index.php\/wp-json\/wp\/v2\/tags?post=18280"}],"curies":[{"name":"wp","href":"https:\/\/api.w.org\/{rel}","templated":true}]}}