{"id":18278,"date":"2023-01-03T07:22:24","date_gmt":"2023-01-03T10:22:24","guid":{"rendered":"https:\/\/chacosintesis.com.ar\/?p=18278"},"modified":"2023-01-03T07:36:39","modified_gmt":"2023-01-03T10:36:39","slug":"saenz-pena-crece-el-malestar-por-el-estado-del-agua-potable","status":"publish","type":"post","link":"https:\/\/chacosintesis.com.ar\/index.php\/saenz-pena-crece-el-malestar-por-el-estado-del-agua-potable\/","title":{"rendered":"S\u00e1enz Pe\u00f1a: crece el malestar por el estado del agua potable"},"content":{"rendered":"<p>El enojo generalizado se expone d\u00eda a d\u00eda en las redes so\u00adciales. Los vecinos piden intervenciones y acciones por par\u00adte de los entes de control para garantizar la salud.<\/p>\n<p>Se acrecienta el malestar por la situaci\u00f3n de turbiedad en el agua potable en el interior provincial. Vecinos piden intervenciones y acciones por parte de los entes de control para garantizar la salud de la poblaci\u00f3n.<\/p>\n<p>Si bien la explicaci\u00f3n que ofrecieron desde la empresa Sameep es que la \u2018falta de transparencia es la consecuencia del transporte de un volumen mayor de agua lo que arrastra los sedimentos depositados en las ca\u00f1er\u00edas\u2018. Adem\u00e1s, aseguraban que el plazo estimado eran 10 d\u00edas lo que durar\u00eda la turbiedad, pero a la fecha no hay precisiones al respecto.<\/p>\n<p> ENOJO<br \/>\nEl enojo generalizado se expone d\u00eda a d\u00eda en las redes sociales, donde la comunidad manifiesta su malestar por las deficiencias en los servicios p\u00fablicos b\u00e1sicos, sobre todo el del vital l\u00edquido. Desde la empresa informaron que no se cobrar\u00e1 el servicio mientras dure la turbiedad en el agua, los usuarios reclaman que \u2018el agua se necesita y no podemos estar en estas condiciones\u2018.<\/p>\n<p> LAS DENUNCIAS<br \/>\nLas denuncias en las redes se intensificaron con las altas temperaturas registradas el primer d\u00eda del a\u00f1o, en donde S\u00e1enz Pe\u00f1a fue una de las ciudades chaque\u00f1as con m\u00e1s calor registrado por el Servicio Meteorol\u00f3gico Nacional.<\/p>\n<p> Por otra parte, los vecinos de la termal que se quejan reclaman tambi\u00e9n la falta de acci\u00f3n por parte de los organismos de control local y provincial, como Defensa al Consumidor y Defensor\u00eda del Pueblo, por la situaci\u00f3n que se vive d\u00eda a d\u00eda en el interior provincial con el vital l\u00edquido.<\/p>\n<p> ESPECULACIONES SIN CONTROL<br \/>\nA esta problem\u00e1tica se suma la especulaci\u00f3n en la venta de bidones de agua en los comercios de la ciudad termal, donde los precios se incrementaron en las \u00faltimas semanas hasta en un 120%.<\/p>\n<p> \u2018Como no hay agua limpia, la gente viene y reserva las compras de bidones por adelantado para poder tomar o cocinar\u2018, dijo Mar\u00eda Escalante, kiosquera del Barrio Sagrado Coraz\u00f3n de S\u00e1enz Pe\u00f1a.<\/p>\n<p> La mujer coment\u00f3 que el \u00faltimo viernes por la tarde \u2018descargu\u00e9 30 bidones de 20 litros para vender, y para el s\u00e1bado antes del mediod\u00eda ya no ten\u00eda m\u00e1s\u2018, se\u00f1al\u00f3.<\/p>\n<p> En esta l\u00ednea, los precios en los bidones de 20 litros de agua se incrementaron y algunas familias, aquellos que pueden afrontar los costos, pagaron hasta $700 para poder hacerse de agua para poder ingerir.<\/p>\n<p> DESCONFIANZA TOTAL<br \/>\nCabe aclarar que desde la empresa del Estado chaque\u00f1o emitieron un comunicado en el cual aseguran que el agua turbia \u2018es potable, y se realizan diariamente los an\u00e1lisis correspondientes\u2018, el malestar y la desconfianza de los usuario de la red de agua potable de Sameep crece d\u00eda a d\u00eda.<\/p>\n<p>DIARIO NORTE.-<\/p>\n","protected":false},"excerpt":{"rendered":"<p>El enojo generalizado se expone d\u00eda a d\u00eda en las redes so\u00adciales. Los vecinos piden intervenciones y acciones por par\u00adte de los entes de control para garantizar la salud. Se acrecienta el malestar por la situaci\u00f3n de turbiedad en el agua potable en el interior provincial. Vecinos piden intervenciones y acciones por parte de los [&hellip;]<\/p>\n","protected":false},"author":1,"featured_media":18279,"comment_status":"closed","ping_status":"closed","sticky":false,"template":"","format":"standard","meta":{"footnotes":""},"categories":[6],"tags":[],"class_list":{"0":"post-18278","1":"post","2":"type-post","3":"status-publish","4":"format-standard","5":"has-post-thumbnail","7":"category-chaco"},"_links":{"self":[{"href":"https:\/\/chacosintesis.com.ar\/index.php\/wp-json\/wp\/v2\/posts\/18278","targetHints":{"allow":["GET"]}}],"collection":[{"href":"https:\/\/chacosintesis.com.ar\/index.php\/wp-json\/wp\/v2\/posts"}],"about":[{"href":"https:\/\/chacosintesis.com.ar\/index.php\/wp-json\/wp\/v2\/types\/post"}],"author":[{"embeddable":true,"href":"https:\/\/chacosintesis.com.ar\/index.php\/wp-json\/wp\/v2\/users\/1"}],"replies":[{"embeddable":true,"href":"https:\/\/chacosintesis.com.ar\/index.php\/wp-json\/wp\/v2\/comments?post=18278"}],"version-history":[{"count":0,"href":"https:\/\/chacosintesis.com.ar\/index.php\/wp-json\/wp\/v2\/posts\/18278\/revisions"}],"wp:featuredmedia":[{"embeddable":true,"href":"https:\/\/chacosintesis.com.ar\/index.php\/wp-json\/wp\/v2\/media\/18279"}],"wp:attachment":[{"href":"https:\/\/chacosintesis.com.ar\/index.php\/wp-json\/wp\/v2\/media?parent=18278"}],"wp:term":[{"taxonomy":"category","embeddable":true,"href":"https:\/\/chacosintesis.com.ar\/index.php\/wp-json\/wp\/v2\/categories?post=18278"},{"taxonomy":"post_tag","embeddable":true,"href":"https:\/\/chacosintesis.com.ar\/index.php\/wp-json\/wp\/v2\/tags?post=18278"}],"curies":[{"name":"wp","href":"https:\/\/api.w.org\/{rel}","templated":true}]}}