{"id":18262,"date":"2022-11-23T16:12:00","date_gmt":"2022-11-23T19:12:00","guid":{"rendered":"https:\/\/chacosintesis.com.ar\/?p=18262"},"modified":"2023-01-02T09:47:15","modified_gmt":"2023-01-02T12:47:15","slug":"elecciones-2023-el-bloque-cer-propone-la-suspension-de-las-paso","status":"publish","type":"post","link":"https:\/\/chacosintesis.com.ar\/index.php\/elecciones-2023-el-bloque-cer-propone-la-suspension-de-las-paso\/","title":{"rendered":"Elecciones 2023: el bloque CER propone la suspensi\u00f3n de las PASO"},"content":{"rendered":"\n<p>En v\u00edsperas de un nuevo a\u00f1o electoral y el lanzamiento de las precandidaturas, el bloque de diputadas de la Corriente de Expresi\u00f3n Renovada (CER), encabezado por Elida Cuesta, junto al dirigente saenzpe\u00f1ense Ricardo S\u00e1nchez, present\u00f3 en conferencia de prensa el Proyecto de Ley N\u00b0 3511\/22 que propone la suspensi\u00f3n, por un a\u00f1o, de la vigencia de la Ley N\u00b0 2073 -Q que instituye el sistema de elecciones Primarias Abiertas, Simult\u00e1neas y Obligatorias (PASO).<\/p>\n\n\n\n<p><br>Adem\u00e1s de la presidenta del Poder Legislativo, participaron de la conferencia de prensa las diputadas Andrea Charole, Gricelda Ojeda y Jessica Ayala.<br>Cuesta consider\u00f3 que dado el contexto econ\u00f3mico y social que est\u00e1 atravesando la provincia, es necesario ahorrar la erogaci\u00f3n de dinero al Estado provincial para destinarlo a otras \u00e1reas como salud y educaci\u00f3n. \u201cNosotros, desde la clase pol\u00edtica, debemos estar a la altura de las necesidades de nuestro pueblo. Consideramos que las PASO representan una erogaci\u00f3n muy importante para las y los chaque\u00f1os que no resuelven los problemas de fondo; estamos convencidos del camino que nos est\u00e1 marcando la gente\u201d asegur\u00f3.<\/p>\n\n\n\n<p><br>Asimismo, record\u00f3 la baja participaci\u00f3n del electorado provincial en las \u00faltimas primarias manifestando que \u201ctras dos a\u00f1os de pandemia debemos enfocarnos en resolver los problemas econ\u00f3micos y sociales que nos dej\u00f3 este flagelo. Ahorrar al Estado el gasto que representan las PASO y que esos montos se destinen a otras \u00e1reas m\u00e1s sensibles y que los problemas de la pol\u00edtica se resuelvan hacia adentro de los partidos pol\u00edticos\u201d.<\/p>\n\n\n\n<p>S\u00e1nchez: \u201cLa participaci\u00f3n de la gente es cada vez menor en las PASO\u201d<br>El dirigente saenznpe\u00f1ense del CER, Ricardo S\u00e1nchez, asegur\u00f3 que desde su implementaci\u00f3n en 2009 hasta los \u00faltimos comicios de 2021 la participaci\u00f3n de la gente en las PASO ha decrecido. \u201cEn las \u00faltimas primarias la participaci\u00f3n del electorado no lleg\u00f3 al 60% del padr\u00f3n, lo cual representa el hast\u00edo de un pueblo a ser convocado tantas veces a votar en un a\u00f1o. Nuestro espacio pol\u00edtico dialog\u00f3 con chaque\u00f1as y chaque\u00f1os de los 69 municipios tomando este y otros reclamos\u201d, asever\u00f3.<br>Adem\u00e1s agreg\u00f3 que la Corriente de Expresi\u00f3n Renovada lleva adelante una nutrida agenda de encuentros con las y los chaque\u00f1os de todos los puntos de la provincia. \u201cCon el objetivo de atender y escuchar a cada chaque\u00f1o y chaque\u00f1a recorrimos toda la provincia realizando cuatro plenarios regionales, por lo que tenemos una idea acabada de lo que nuestro pueblo necesita y las PASO hoy no son prioridad para la mayor\u00eda de la gente\u201d, manifest\u00f3.<br>Para finalizar, Jessica Ayala manifest\u00f3 que el proyecto de suspensi\u00f3n de las PASO refleja la coherencia de un espacio pol\u00edtico que est\u00e1 cerca de la gente. \u201cEl CER viene recorriendo los municipios de nuestra provincia recolectando cada demanda de las y los chaque\u00f1os, por lo que debemos decir que hoy las PASO no representan una prioridad para la gente com\u00fan que est\u00e1 atravesando una profunda crisis econ\u00f3mica\u201d, remarc\u00f3<\/p>\n","protected":false},"excerpt":{"rendered":"<p>En v\u00edsperas de un nuevo a\u00f1o electoral y el lanzamiento de las precandidaturas, el bloque de diputadas de la Corriente de Expresi\u00f3n Renovada (CER), encabezado por Elida Cuesta, junto al dirigente saenzpe\u00f1ense Ricardo S\u00e1nchez, present\u00f3 en conferencia de prensa el Proyecto de Ley N\u00b0 3511\/22 que propone la suspensi\u00f3n, por un a\u00f1o, de la vigencia [&hellip;]<\/p>\n","protected":false},"author":10001,"featured_media":18263,"comment_status":"closed","ping_status":"closed","sticky":false,"template":"","format":"standard","meta":{"footnotes":""},"categories":[6],"tags":[202],"class_list":{"0":"post-18262","1":"post","2":"type-post","3":"status-publish","4":"format-standard","5":"has-post-thumbnail","7":"category-chaco","8":"tag-legislatura"},"_links":{"self":[{"href":"https:\/\/chacosintesis.com.ar\/index.php\/wp-json\/wp\/v2\/posts\/18262","targetHints":{"allow":["GET"]}}],"collection":[{"href":"https:\/\/chacosintesis.com.ar\/index.php\/wp-json\/wp\/v2\/posts"}],"about":[{"href":"https:\/\/chacosintesis.com.ar\/index.php\/wp-json\/wp\/v2\/types\/post"}],"author":[{"embeddable":true,"href":"https:\/\/chacosintesis.com.ar\/index.php\/wp-json\/wp\/v2\/users\/10001"}],"replies":[{"embeddable":true,"href":"https:\/\/chacosintesis.com.ar\/index.php\/wp-json\/wp\/v2\/comments?post=18262"}],"version-history":[{"count":0,"href":"https:\/\/chacosintesis.com.ar\/index.php\/wp-json\/wp\/v2\/posts\/18262\/revisions"}],"wp:featuredmedia":[{"embeddable":true,"href":"https:\/\/chacosintesis.com.ar\/index.php\/wp-json\/wp\/v2\/media\/18263"}],"wp:attachment":[{"href":"https:\/\/chacosintesis.com.ar\/index.php\/wp-json\/wp\/v2\/media?parent=18262"}],"wp:term":[{"taxonomy":"category","embeddable":true,"href":"https:\/\/chacosintesis.com.ar\/index.php\/wp-json\/wp\/v2\/categories?post=18262"},{"taxonomy":"post_tag","embeddable":true,"href":"https:\/\/chacosintesis.com.ar\/index.php\/wp-json\/wp\/v2\/tags?post=18262"}],"curies":[{"name":"wp","href":"https:\/\/api.w.org\/{rel}","templated":true}]}}