{"id":18241,"date":"2023-01-02T08:51:48","date_gmt":"2023-01-02T11:51:48","guid":{"rendered":"https:\/\/chacosintesis.com.ar\/?p=18241"},"modified":"2023-01-02T09:07:35","modified_gmt":"2023-01-02T12:07:35","slug":"con-el-consumo-de-enero-habra-una-actualizacion-en-la-tarifa-electrica","status":"publish","type":"post","link":"https:\/\/chacosintesis.com.ar\/index.php\/con-el-consumo-de-enero-habra-una-actualizacion-en-la-tarifa-electrica\/","title":{"rendered":"Con el consumo de enero, habr\u00e1 una actualizaci\u00f3n en la tarifa el\u00e9ctrica"},"content":{"rendered":"<p>El nuevo esquema implica adecuaci\u00f3n promedio menor de 8%, impactar\u00e1 reci\u00e9n con los vencimientos de fines de febrero y marzo.<\/p>\n<p>Cumpliendo con lo establecido por la resoluci\u00f3n 2705\/22 del Ministerio de Planificaci\u00f3n, Econom\u00eda e Infraestructura, a partir del 1 de enero de 2023 comenzar\u00e1 a regir una actualizaci\u00f3n en la tarifa de energ\u00eda el\u00e9ctrica tanto para usuarios residenciales como comerciales y peque\u00f1os industriales.<\/p>\n<p>Dicha adecuaci\u00f3n tendr\u00e1 impacto en las facturas de Secheep cuyos vencimientos se den a fines de febrero y marzo, y ser\u00e1 de un promedio menor a 8%, indicaron desde la empresa provincial.<br \/>\nLa nueva tarifa corresponde a lo estipulado en la Audiencia P\u00fablica del \u00faltimo 15 de julio en La Leonesa, convocada por el Poder Ejecutivo a trav\u00e9s del decreto 1206\/22, para el tratamiento de la actualizaci\u00f3n de la tarifa de energ\u00eda el\u00e9ctrica y el cargo tarifario espec\u00edfico.<br \/>\nEn dicha Audiencia P\u00fablica, Secheep expuso la metodolog\u00eda de c\u00e1lculo de la tarifa en base a un exhaustivo an\u00e1lisis de los costos del servicio, por un lado, y las caracter\u00edsticas del mercado consumidor por otro, obteniendo as\u00ed los Costos Propios de Distribuci\u00f3n (o Valor Agregado de Distribuci\u00f3n) vigentes a junio de 2022.<br \/>\nDe esta manera, se ha cumplimentado con lo establecido por la Ley Provincial 1027-A, \u2018Reglamento General de Audiencias P\u00fablicas para el Poder Ejecutivo Provincial\u2018, y su Decreto Reglamentario del Poder Ejecutivo 1\/2008, en lo referente a los pasos para la readecuaci\u00f3n de la tarifa de energ\u00eda el\u00e9ctrica de Secheep, garantizando de esa forma la efectiva participaci\u00f3n de la comunidad.<br \/>\nCabe destacar que, desde los consumos efectuados el 1 de septiembre de 2022, se aplic\u00f3 un traslado parcial del incremento aprobado en dicha Audiencia P\u00fablica, al Cuadro Tarifario y al Cargo Tarifario Espec\u00edfico de Secheep.<br \/>\nPor su parte, esta nueva adecuaci\u00f3n tarifaria, aprobada por la resoluci\u00f3n 2705\/22 del Ministerio de Planificaci\u00f3n, Econom\u00eda e Infraestructura de la Provincia del Chaco, viene a recomponer el Valor Agregado de Distribuci\u00f3n (VAD) facturado a las distintas categor\u00edas de usuarios, alcanzando de esta manera los valores finales del VAD expuesto en la Audiencia P\u00fablica 2022.<br \/>\nA los fines de velar por el patrimonio del Estado, esto es, cuidar la operatividad y mantener la infraestructura el\u00e9ctrica existente, as\u00ed como ejecutar las inversiones de infraestructura el\u00e9ctrica para el desarrollo y crecimiento de la provincia, es necesario realizar este incremento autorizado en la mencionada Audiencia P\u00fablica.<br \/>\nSiendo responsabilidad del Estado provincial contar con cuadro un tarifario adecuado y acorde, para la correcta prestaci\u00f3n del servicio, compra de materiales necesarios y ejecuci\u00f3n de obras de infraestructura.<br \/>\nDesde la empresa solicitan minimizar el tiempo de uso en iluminaci\u00f3n, aires acondicionados, electrodom\u00e9sticos, entre otros el\u00e9ctricos.<\/p>\n<p>DIARIO NORTE.-<\/p>\n","protected":false},"excerpt":{"rendered":"<p>El nuevo esquema implica adecuaci\u00f3n promedio menor de 8%, impactar\u00e1 reci\u00e9n con los vencimientos de fines de febrero y marzo. Cumpliendo con lo establecido por la resoluci\u00f3n 2705\/22 del Ministerio de Planificaci\u00f3n, Econom\u00eda e Infraestructura, a partir del 1 de enero de 2023 comenzar\u00e1 a regir una actualizaci\u00f3n en la tarifa de energ\u00eda el\u00e9ctrica tanto [&hellip;]<\/p>\n","protected":false},"author":1,"featured_media":18242,"comment_status":"closed","ping_status":"closed","sticky":false,"template":"","format":"standard","meta":{"footnotes":""},"categories":[6],"tags":[197],"class_list":{"0":"post-18241","1":"post","2":"type-post","3":"status-publish","4":"format-standard","5":"has-post-thumbnail","7":"category-chaco","8":"tag-destacada"},"_links":{"self":[{"href":"https:\/\/chacosintesis.com.ar\/index.php\/wp-json\/wp\/v2\/posts\/18241","targetHints":{"allow":["GET"]}}],"collection":[{"href":"https:\/\/chacosintesis.com.ar\/index.php\/wp-json\/wp\/v2\/posts"}],"about":[{"href":"https:\/\/chacosintesis.com.ar\/index.php\/wp-json\/wp\/v2\/types\/post"}],"author":[{"embeddable":true,"href":"https:\/\/chacosintesis.com.ar\/index.php\/wp-json\/wp\/v2\/users\/1"}],"replies":[{"embeddable":true,"href":"https:\/\/chacosintesis.com.ar\/index.php\/wp-json\/wp\/v2\/comments?post=18241"}],"version-history":[{"count":0,"href":"https:\/\/chacosintesis.com.ar\/index.php\/wp-json\/wp\/v2\/posts\/18241\/revisions"}],"wp:featuredmedia":[{"embeddable":true,"href":"https:\/\/chacosintesis.com.ar\/index.php\/wp-json\/wp\/v2\/media\/18242"}],"wp:attachment":[{"href":"https:\/\/chacosintesis.com.ar\/index.php\/wp-json\/wp\/v2\/media?parent=18241"}],"wp:term":[{"taxonomy":"category","embeddable":true,"href":"https:\/\/chacosintesis.com.ar\/index.php\/wp-json\/wp\/v2\/categories?post=18241"},{"taxonomy":"post_tag","embeddable":true,"href":"https:\/\/chacosintesis.com.ar\/index.php\/wp-json\/wp\/v2\/tags?post=18241"}],"curies":[{"name":"wp","href":"https:\/\/api.w.org\/{rel}","templated":true}]}}