{"id":18225,"date":"2023-01-01T10:05:32","date_gmt":"2023-01-01T13:05:32","guid":{"rendered":"https:\/\/chacosintesis.com.ar\/?p=18225"},"modified":"2023-01-01T10:11:09","modified_gmt":"2023-01-01T13:11:09","slug":"pinedo-robaron-a-mano-armada-en-una-estacion-de-servicio","status":"publish","type":"post","link":"https:\/\/chacosintesis.com.ar\/index.php\/pinedo-robaron-a-mano-armada-en-una-estacion-de-servicio\/","title":{"rendered":"Pinedo: robaron a mano armada en una estaci\u00f3n de servicio"},"content":{"rendered":"<p>Un hecho de inseguridad se produjo este s\u00e1bado en la esquina de las calles 8 y 25 de la ciudad del interior del Chaco. Pese a que quisieron esconderse en el monte, tras el robo, fueron atrapados por la polic\u00eda local y puestos a disposici\u00f3n de la Justicia.<\/p>\n<p>El episodio se produjo esta ma\u00f1ana a las 10.40, de acuerdo al testimonio del playero damnificado. Quien dio aviso a la polic\u00eda fue justamente el empleado de la estaci\u00f3n &#8220;PetroArg&#8221;.<br \/>\nEl hombre de 23 a\u00f1os relat\u00f3 a los uniformados que minutos antes dos sujetos a bordo de una motocicleta tipo 110 c.c. lo amenazaron con un rev\u00f3lver. Para luego robarle la billetera, que conten\u00eda 18 mil pesos, y darse a la fuga. Uno de los malhechores fue identificado por la v\u00edctima del atraco.<br \/>\nR\u00e1pidamente, dos m\u00f3viles policiales se constituyeron en el domicilio de uno de los sospechosos, pero ambos sujetos ya hab\u00edan emprendido la huida con destino al monte. Los sabuesos siguieron sus pasos y lograron aprehender a T.S.H. (24),  y E.B.A. (23). Asimismo, se decomis\u00f3 el dinero sustra\u00eddo.<br \/>\nLos ladrones fueron examinados en nosocomio local y puestos a disposici\u00f3n de la Justicia, siguiendo con lo dispuesto por fiscal en turno.<\/p>\n<p>DIARIO NORTE.-<\/p>\n","protected":false},"excerpt":{"rendered":"<p>Un hecho de inseguridad se produjo este s\u00e1bado en la esquina de las calles 8 y 25 de la ciudad del interior del Chaco. Pese a que quisieron esconderse en el monte, tras el robo, fueron atrapados por la polic\u00eda local y puestos a disposici\u00f3n de la Justicia. El episodio se produjo esta ma\u00f1ana a [&hellip;]<\/p>\n","protected":false},"author":1,"featured_media":18226,"comment_status":"closed","ping_status":"closed","sticky":false,"template":"","format":"standard","meta":{"footnotes":""},"categories":[6],"tags":[197],"class_list":{"0":"post-18225","1":"post","2":"type-post","3":"status-publish","4":"format-standard","5":"has-post-thumbnail","7":"category-chaco","8":"tag-destacada"},"_links":{"self":[{"href":"https:\/\/chacosintesis.com.ar\/index.php\/wp-json\/wp\/v2\/posts\/18225","targetHints":{"allow":["GET"]}}],"collection":[{"href":"https:\/\/chacosintesis.com.ar\/index.php\/wp-json\/wp\/v2\/posts"}],"about":[{"href":"https:\/\/chacosintesis.com.ar\/index.php\/wp-json\/wp\/v2\/types\/post"}],"author":[{"embeddable":true,"href":"https:\/\/chacosintesis.com.ar\/index.php\/wp-json\/wp\/v2\/users\/1"}],"replies":[{"embeddable":true,"href":"https:\/\/chacosintesis.com.ar\/index.php\/wp-json\/wp\/v2\/comments?post=18225"}],"version-history":[{"count":0,"href":"https:\/\/chacosintesis.com.ar\/index.php\/wp-json\/wp\/v2\/posts\/18225\/revisions"}],"wp:featuredmedia":[{"embeddable":true,"href":"https:\/\/chacosintesis.com.ar\/index.php\/wp-json\/wp\/v2\/media\/18226"}],"wp:attachment":[{"href":"https:\/\/chacosintesis.com.ar\/index.php\/wp-json\/wp\/v2\/media?parent=18225"}],"wp:term":[{"taxonomy":"category","embeddable":true,"href":"https:\/\/chacosintesis.com.ar\/index.php\/wp-json\/wp\/v2\/categories?post=18225"},{"taxonomy":"post_tag","embeddable":true,"href":"https:\/\/chacosintesis.com.ar\/index.php\/wp-json\/wp\/v2\/tags?post=18225"}],"curies":[{"name":"wp","href":"https:\/\/api.w.org\/{rel}","templated":true}]}}