{"id":18219,"date":"2022-12-31T13:09:43","date_gmt":"2022-12-31T16:09:43","guid":{"rendered":"https:\/\/chacosintesis.com.ar\/?p=18219"},"modified":"2022-12-31T13:18:53","modified_gmt":"2022-12-31T16:18:53","slug":"peche-lo-invito-al-gobernador-capitanich-a-brindar-con-un-vasito-de-agua-en-saenz-pena","status":"publish","type":"post","link":"https:\/\/chacosintesis.com.ar\/index.php\/peche-lo-invito-al-gobernador-capitanich-a-brindar-con-un-vasito-de-agua-en-saenz-pena\/","title":{"rendered":"Peche: &#8220;Lo invito al Gobernador Capitanich a brindar con un vasito de agua en S\u00e1enz Pe\u00f1a&#8221;"},"content":{"rendered":"<p>El dos veces intendente de Presidencia Roque S\u00e1enz Pe\u00f1a y actual presidente del interbloque de diputados de la UCR, Carim Peche, expres\u00f3 su preocupaci\u00f3n y malestar por la situaci\u00f3n que viven los vecinos de la ciudad termal como consecuencia de la turbiedad que presenta el agua provista por la empresa Sameep desde hace varios d\u00edas.<\/p>\n<p>Peche fue categ\u00f3rico al describir la situaci\u00f3n \u201cLo invito al gobernador Capitanich a brindar esta noche de a\u00f1o nuevo con un vasito del agua turbia que Sameep distribuye en nuestra ciudad, situaci\u00f3n que poco y nada tiene que ver con el argumento oficial de \u201ctrabajos realizados en el segundo acueducto\u201d, lo que padecen los vecinos de S\u00e1enz Pe\u00f1a y otras localidades del sudoeste chaque\u00f1o es consecuencia de una obra inconclusa a pesar de todo el dinero que el gobierno provincial recibi\u00f3 no una, sino dos veces para terminar el segundo acueducto y no lo hizo\u201d<\/p>\n<p>Y se\u00f1al\u00f3 \u201cLa memoria es buena para no volver a tropezar con la misma piedra, era intendente de S\u00e1enz Pe\u00f1a cuando en el a\u00f1o 2004 el ex presidente N\u00e9stor Kirchner prometi\u00f3 hacerse cargo de la obra del segundo acueducto, en febrero de 2009 hicieron la \u2018Fiesta del Agua\u2019 en Charata prometiendo nuevamente la obra, luego Cristina Kirchner la volvi\u00f3 a anunciar varias veces en sus visitas a la provincia, ninguna promesa se cumpli\u00f3\u201d<\/p>\n<p> \u201cEn el a\u00f1o 2010 en la Legislatura provincial aprobamos la Ley 1885-F autorizando al Poder Ejecutivo a tomar un cr\u00e9dito de USD 180 millones de d\u00f3lares para realizar la obra del segundo acueducto, pasaron 5 a\u00f1os y en el a\u00f1o 2015, poco antes de las elecciones, Capitanich hizo una inauguraci\u00f3n virtual de una obra que no estaba, prueba de ello es que en el a\u00f1o 2017 el gobierno nacional env\u00eda a la provincia USD 137 millones de d\u00f3lares para que se finalice la obra, en octubre de 2021, otra vez en tiempo de elecciones, Capitanich se emociona hasta las l\u00e1grimas al inaugurar una canilla en Charata, pero al acueducto sigue sin terminarse,  pasaron 18 a\u00f1os, USD 400 millones de d\u00f3lares y los chaque\u00f1os no tienen agua\u201d<\/p>\n","protected":false},"excerpt":{"rendered":"<p>El dos veces intendente de Presidencia Roque S\u00e1enz Pe\u00f1a y actual presidente del interbloque de diputados de la UCR, Carim Peche, expres\u00f3 su preocupaci\u00f3n y malestar por la situaci\u00f3n que viven los vecinos de la ciudad termal como consecuencia de la turbiedad que presenta el agua provista por la empresa Sameep desde hace varios d\u00edas. [&hellip;]<\/p>\n","protected":false},"author":1,"featured_media":18220,"comment_status":"closed","ping_status":"closed","sticky":false,"template":"","format":"standard","meta":{"footnotes":""},"categories":[6],"tags":[],"class_list":{"0":"post-18219","1":"post","2":"type-post","3":"status-publish","4":"format-standard","5":"has-post-thumbnail","7":"category-chaco"},"_links":{"self":[{"href":"https:\/\/chacosintesis.com.ar\/index.php\/wp-json\/wp\/v2\/posts\/18219","targetHints":{"allow":["GET"]}}],"collection":[{"href":"https:\/\/chacosintesis.com.ar\/index.php\/wp-json\/wp\/v2\/posts"}],"about":[{"href":"https:\/\/chacosintesis.com.ar\/index.php\/wp-json\/wp\/v2\/types\/post"}],"author":[{"embeddable":true,"href":"https:\/\/chacosintesis.com.ar\/index.php\/wp-json\/wp\/v2\/users\/1"}],"replies":[{"embeddable":true,"href":"https:\/\/chacosintesis.com.ar\/index.php\/wp-json\/wp\/v2\/comments?post=18219"}],"version-history":[{"count":0,"href":"https:\/\/chacosintesis.com.ar\/index.php\/wp-json\/wp\/v2\/posts\/18219\/revisions"}],"wp:featuredmedia":[{"embeddable":true,"href":"https:\/\/chacosintesis.com.ar\/index.php\/wp-json\/wp\/v2\/media\/18220"}],"wp:attachment":[{"href":"https:\/\/chacosintesis.com.ar\/index.php\/wp-json\/wp\/v2\/media?parent=18219"}],"wp:term":[{"taxonomy":"category","embeddable":true,"href":"https:\/\/chacosintesis.com.ar\/index.php\/wp-json\/wp\/v2\/categories?post=18219"},{"taxonomy":"post_tag","embeddable":true,"href":"https:\/\/chacosintesis.com.ar\/index.php\/wp-json\/wp\/v2\/tags?post=18219"}],"curies":[{"name":"wp","href":"https:\/\/api.w.org\/{rel}","templated":true}]}}