{"id":18183,"date":"2022-12-29T08:40:49","date_gmt":"2022-12-29T11:40:49","guid":{"rendered":"https:\/\/chacosintesis.com.ar\/?p=18183"},"modified":"2022-12-29T09:08:35","modified_gmt":"2022-12-29T12:08:35","slug":"la-provincia-investiga-un-supuesto-abuso-sexual-vinculado-a-personal-policial","status":"publish","type":"post","link":"https:\/\/chacosintesis.com.ar\/index.php\/la-provincia-investiga-un-supuesto-abuso-sexual-vinculado-a-personal-policial\/","title":{"rendered":"La provincia investiga un supuesto abuso sexual vinculado a personal policial"},"content":{"rendered":"<p>Tras un hecho ocurrido en S\u00e1enz Pe\u00f1a, se lleva a cabo la investigaci\u00f3n correspondiente a trav\u00e9s del \u00d3rgano de Control Institucional. Dos polic\u00edas fueron suspendidos preventivamente de sus funciones en cumplimiento del Reglamento del R\u00e9gimen Disciplinario Policial.<\/p>\n<p>En la ma\u00f1ana de este mi\u00e9rcoles, una vecina del barrio San Cayetano de S\u00e1enz Pe\u00f1a denunci\u00f3 que su hija hab\u00eda sido encontrada inconsciente.<br \/>\nTras declaraciones de la hermana de la v\u00edctima, se pudo conocer que en horas de la medianoche la joven se subi\u00f3 a un patrullero conducido por su novio, quien se pudo confirmar que se encontraba consumiendo alcohol junto a otro agente de la fuerza.<br \/>\nCon la intervenci\u00f3n del m\u00e9dico policial y el fiscal en turno, Gustavo Valero, se dispuso activar el protocolo establecido por supuesto abuso sexual. Tambi\u00e9n colabor\u00f3 el Departamento de Violencia Familiar y de G\u00e9nero de la Polic\u00eda del Chaco, que recibi\u00f3 declaraciones judiciales.<br \/>\nAsimismo, se realiza una investigaci\u00f3n de oficio a trav\u00e9s del \u00d3rgano de Control Institucional, para determinar todas las acciones disciplinarias que correspondan al personal policial. Los mencionados polic\u00edas fueron suspendidos preventivamente conforme lo prev\u00e9n los art\u00edculos 145 y 147 del r\u00e9gimen policial.<\/p>\n<p>Abordaje del gobierno contra las violencias en la fuerza<br \/>\nEl Poder Ejecutivo provincial implementa la Plataforma de contingencia victimo-asistencial para denuncias por situaciones de violencia por razones de g\u00e9nero. Adem\u00e1s, se encuentra vigente el Protocolo para la actuaci\u00f3n inmediata cuando el denunciado es un efectivo policial.<br \/>\nDesde el Gobierno se trabaja con el objetivo de prevenir, asistir integralmente y minimizar riesgos en casos de violencias por razones de g\u00e9nero. El protocolo reglamenta un sistema integral, de recepci\u00f3n del caso, denuncia, derivaci\u00f3n judicial, comunicaci\u00f3n con las distintas instancias de recepci\u00f3n y seguimiento y tratamiento integral.<br \/>\nLas personas en situaci\u00f3n de violencia por razones de g\u00e9nero no necesitan acudir a una comisar\u00eda u oficina para consultar, recibir orientaci\u00f3n, pedir ayuda y realizar la denuncia ya que lo pueden hacer a la l\u00ednea de emergencia 137 o por WhatsApp a la Guardia de G\u00e9neros de la Secretar\u00eda de Derechos Humanos y G\u00e9neros (362 4570852). Tambi\u00e9n se encuentra en funcionamiento la aplicaci\u00f3n de Denuncia Digital, donde es posible alertar de situaciones de violencia por razones de g\u00e9nero, entre otras.<br \/>\nAsimismo, el protocolo vigente mediante resoluci\u00f3n del Ministerio de Justicia y Seguridad, garantiza la efectiva aplicaci\u00f3n de un r\u00e9gimen administrativo disciplinario para el resguardo de las v\u00edctimas, mediante la retenci\u00f3n del arma reglamentaria y el control de las medidas judiciales que se deban cumplir. Adem\u00e1s, se crear\u00e1 un equipo interdisciplinario para realizar un tratamiento terap\u00e9utico con los agresores, a fin de identificar y deconstruir las violencias ejercidas.<\/p>\n","protected":false},"excerpt":{"rendered":"<p>Tras un hecho ocurrido en S\u00e1enz Pe\u00f1a, se lleva a cabo la investigaci\u00f3n correspondiente a trav\u00e9s del \u00d3rgano de Control Institucional. Dos polic\u00edas fueron suspendidos preventivamente de sus funciones en cumplimiento del Reglamento del R\u00e9gimen Disciplinario Policial. En la ma\u00f1ana de este mi\u00e9rcoles, una vecina del barrio San Cayetano de S\u00e1enz Pe\u00f1a denunci\u00f3 que su [&hellip;]<\/p>\n","protected":false},"author":1,"featured_media":18184,"comment_status":"closed","ping_status":"closed","sticky":false,"template":"","format":"standard","meta":{"footnotes":""},"categories":[6],"tags":[],"class_list":{"0":"post-18183","1":"post","2":"type-post","3":"status-publish","4":"format-standard","5":"has-post-thumbnail","7":"category-chaco"},"_links":{"self":[{"href":"https:\/\/chacosintesis.com.ar\/index.php\/wp-json\/wp\/v2\/posts\/18183","targetHints":{"allow":["GET"]}}],"collection":[{"href":"https:\/\/chacosintesis.com.ar\/index.php\/wp-json\/wp\/v2\/posts"}],"about":[{"href":"https:\/\/chacosintesis.com.ar\/index.php\/wp-json\/wp\/v2\/types\/post"}],"author":[{"embeddable":true,"href":"https:\/\/chacosintesis.com.ar\/index.php\/wp-json\/wp\/v2\/users\/1"}],"replies":[{"embeddable":true,"href":"https:\/\/chacosintesis.com.ar\/index.php\/wp-json\/wp\/v2\/comments?post=18183"}],"version-history":[{"count":0,"href":"https:\/\/chacosintesis.com.ar\/index.php\/wp-json\/wp\/v2\/posts\/18183\/revisions"}],"wp:featuredmedia":[{"embeddable":true,"href":"https:\/\/chacosintesis.com.ar\/index.php\/wp-json\/wp\/v2\/media\/18184"}],"wp:attachment":[{"href":"https:\/\/chacosintesis.com.ar\/index.php\/wp-json\/wp\/v2\/media?parent=18183"}],"wp:term":[{"taxonomy":"category","embeddable":true,"href":"https:\/\/chacosintesis.com.ar\/index.php\/wp-json\/wp\/v2\/categories?post=18183"},{"taxonomy":"post_tag","embeddable":true,"href":"https:\/\/chacosintesis.com.ar\/index.php\/wp-json\/wp\/v2\/tags?post=18183"}],"curies":[{"name":"wp","href":"https:\/\/api.w.org\/{rel}","templated":true}]}}