{"id":18177,"date":"2022-12-29T01:00:41","date_gmt":"2022-12-29T04:00:41","guid":{"rendered":"https:\/\/chacosintesis.com.ar\/?p=18177"},"modified":"2022-12-29T01:07:09","modified_gmt":"2022-12-29T04:07:09","slug":"brote-de-covid-19-centeno-insto-a-vacunarse-y-anticipo-que-no-volveran-las-restricciones","status":"publish","type":"post","link":"https:\/\/chacosintesis.com.ar\/index.php\/brote-de-covid-19-centeno-insto-a-vacunarse-y-anticipo-que-no-volveran-las-restricciones\/","title":{"rendered":"Brote de Covid-19: Centeno inst\u00f3 a vacunarse y anticip\u00f3 que \u201cno volver\u00e1n las restricciones\u201d"},"content":{"rendered":"<p>La ministra de Salud P\u00fablica recalc\u00f3 la importancia de no relajar los cuidados y completar los esquemas de inmunizaci\u00f3n. \u201cEstas medidas son las que contribuyen a evitar casos graves, internaciones y decesos vinculados con esta enfermedad\u201d, subray\u00f3 en rueda de prensa.<\/p>\n<p>La ministra de Salud P\u00fablica, Carolina Centeno brind\u00f3 una conferencia de prensa en el Sal\u00f3n Obligado de Casa de Gobierno, en la analiz\u00f3 la situaci\u00f3n epidemiol\u00f3gica actual de la provincia e inst\u00f3 a no relajar las medidas de cuidado contra el COVID-19. Adem\u00e1s hizo especial hincapi\u00e9 en la importancia de completar los esquemas de vacunaci\u00f3n para evitar casos graves, internaciones y decesos vinculados a esta enfermedad. En este contexto, remarc\u00f3 que la situaci\u00f3n est\u00e1 siendo monitoreada y dej\u00f3 en claro que no volver\u00e1n \u201clas restricciones\u201d.<br \/>\nEn la rueda de prensa Centeno cont\u00f3 con el acompa\u00f1amiento de la subsecretaria de Promoci\u00f3n de la Salud, Paula Sartor. En primer t\u00e9rmino, se refiri\u00f3 a la suba de casos positivos que viene transitando la provincia y expres\u00f3 que se trata de un \u201cbrote\u201d, ya no de una \u201cola\u201d de la enfermedad dado que \u201cestamos en una situaci\u00f3n epidemiol\u00f3gica diferente a la que transitamos en el pasado\u201d.<br \/>\nEn tal sentido la funcionaria coment\u00f3 que \u201cen conjunto con el Ministerio de Salud de la Naci\u00f3n se defini\u00f3 que el COVID-19 pase a ser un virus como otros de circulaci\u00f3n viral respiratoria, como por ejemplo el virus de la gripe, y sea monitoreado de la misma manera: enfoc\u00e1ndonos principalmente en el porcentaje de camas ocupadas, la relaci\u00f3n con la internaci\u00f3n por complicaci\u00f3n con COVID-19 y, por supuesto, las personas que est\u00e1n en asistencia respiratoria mec\u00e1nica o intubados y los fallecimientos por esta causa\u201d.<br \/>\nReforzar la vacunaci\u00f3n y los cuidados<br \/>\n\u201cHacemos esta conferencia de prensa porque entendemos que est\u00e1n elev\u00e1ndose los casos y, particularmente, para volver a reforzar, a recomendar y a fortalecer nuestro mensaje de lo que significan las medidas de cuidado y la relevancia de completar los esquemas de vacunaci\u00f3n, para evitar complicaciones o decesos por COVID-19\u201d, subray\u00f3 la ministra. \u201cEn la \u00faltima semana hemos confirmado 854 casos que representan casi el triple de la semana anterior, lo que implica un aumento casi superior al 200% con una positividad del 40% al 50% en los testeos realizados\u201d, indic\u00f3 la funcionaria. Centeno expres\u00f3 que \u201cestos n\u00fameros marcan que el virus vuelve a circular con potencia y frecuentemente\u201d.<br \/>\nEn su relevamiento la cartera sanitaria inform\u00f3 que en la \u00faltima semana se reportaron dos fallecidos, en ambos casos personas que no completaron su esquema de vacunaci\u00f3n: \u201cuna persona con una sola dosis aplicada y otra sin haberse colocado vacunas\u201d, relat\u00f3 la ministra. \u201cPor lo general aquellas personas que tienen complicaciones o fallecen tienen habitualmente un factor de riesgo o una enfermedad de base, o no han iniciado o actualizado el esquema de vacunaci\u00f3n\u201d, recalc\u00f3.<br \/>\nLa ministra volvi\u00f3 a insistir en que \u201cno hablamos de olas, sino que estamos transcurriendo un brote de la enfermedad, con una suba importante en la cantidad de casos durante las \u00faltimas semanas, aunque no tenemos todav\u00eda un gran porcentaje de ocupaci\u00f3n de camas e internados\u201d. A su vez, indic\u00f3 que actualmente en la provincia hay ocho pacientes internados, quienes se encuentran en el Hospital Julio C. Perrando. Centeno valor\u00f3 \u201cel trabajo y el esfuerzo hecho por el personal de salud\u201d, por eso la importancia de estimular la vacunaci\u00f3n que \u201ces la que nos permite, a pesar del brote de casos, sostener bajos \u00edndices de internaci\u00f3n y de complicaciones por COVID-19\u201d.<br \/>\nP\u00e9rdida de inmunidad natural<br \/>\nLa ministra hizo hincapi\u00e9 en la importancia de iniciar y completar los esquemas de vacunaci\u00f3n, a\u00fan para aquellas personas que ya hayan transitado la enfermedad en su momento. En tal sentido, se refiri\u00f3 a \u201cla p\u00e9rdida de la inmunidad natural\u201d que se da en el tiempo, tanto para quienes iniciaron y no completaron esquemas de vacunaci\u00f3n como para quienes ya tuvieron la enfermedad y \u201cpueden reinfectarse si no cumplen con la vacunaci\u00f3n\u201d.<br \/>\nNo obstante, habl\u00f3 de cumplir con la vacunaci\u00f3n y no relajar los cuidados, aunque \u201csin alarmarse\u201d y dej\u00f3 en claro que no volver\u00e1n \u201clas restricciones\u201d. La ministra record\u00f3 que en la provincia del Chaco existe la recomendaci\u00f3n de obligatoriedad del uso de barbijo en el transporte p\u00fablico como en los establecimientos de salud tanto p\u00fablicos como privados. Adem\u00e1s, la funcionaria insisti\u00f3 en las medidas de bioseguridad ya conocidas por la comunidad, como el lavado frecuente de manos, la ventilaci\u00f3n cruzada en espacios cerrados o el uso de barbijo en espacios cerrados donde no pueda garantizarse una<br \/>\ncorrecta ventilaci\u00f3n, \u201cen particular en aquellas personas que tienen alg\u00fan factor de riesgo\u201d, expres\u00f3. Tambi\u00e9n apel\u00f3 a la responsabilidad de quienes est\u00e1n infectados para que no concurran a \u00e1mbitos laborales, educativos o se re\u00fanan con otras personas, \u201cen especial durante este tiempo de reuniones y celebraciones de fin de a\u00f1o\u201d, recalc\u00f3.<br \/>\n\u201cEs importante remarcar que estamos en un momento epidemiol\u00f3gico donde no volver\u00e1n las restricciones como era en la \u00e9poca pand\u00e9mica anterior y eso es algo que queremos transmitir con mucha fuerza y seguridad\u201d, dej\u00f3 en claro la funcionaria.<br \/>\n Para finalizar, Centeno insisti\u00f3 en que el escenario actual \u201crequiere de una ocupaci\u00f3n, monitoreo y vigilancia epidemiol\u00f3gica por parte de las autoridades y, por supuesto, reforzar las medidas de cuidado y la vacunaci\u00f3n, para fortalecer la inmunidad de la poblaci\u00f3n, lo que se traduce en una probabilidad menor de diseminaci\u00f3n del virus como de las complicaciones y fallecimientos asociados a esta enfermedad\u201d.<\/p>\n","protected":false},"excerpt":{"rendered":"<p>La ministra de Salud P\u00fablica recalc\u00f3 la importancia de no relajar los cuidados y completar los esquemas de inmunizaci\u00f3n. \u201cEstas medidas son las que contribuyen a evitar casos graves, internaciones y decesos vinculados con esta enfermedad\u201d, subray\u00f3 en rueda de prensa. La ministra de Salud P\u00fablica, Carolina Centeno brind\u00f3 una conferencia de prensa en el [&hellip;]<\/p>\n","protected":false},"author":1,"featured_media":18178,"comment_status":"closed","ping_status":"closed","sticky":false,"template":"","format":"standard","meta":{"footnotes":""},"categories":[6],"tags":[197],"class_list":{"0":"post-18177","1":"post","2":"type-post","3":"status-publish","4":"format-standard","5":"has-post-thumbnail","7":"category-chaco","8":"tag-destacada"},"_links":{"self":[{"href":"https:\/\/chacosintesis.com.ar\/index.php\/wp-json\/wp\/v2\/posts\/18177","targetHints":{"allow":["GET"]}}],"collection":[{"href":"https:\/\/chacosintesis.com.ar\/index.php\/wp-json\/wp\/v2\/posts"}],"about":[{"href":"https:\/\/chacosintesis.com.ar\/index.php\/wp-json\/wp\/v2\/types\/post"}],"author":[{"embeddable":true,"href":"https:\/\/chacosintesis.com.ar\/index.php\/wp-json\/wp\/v2\/users\/1"}],"replies":[{"embeddable":true,"href":"https:\/\/chacosintesis.com.ar\/index.php\/wp-json\/wp\/v2\/comments?post=18177"}],"version-history":[{"count":0,"href":"https:\/\/chacosintesis.com.ar\/index.php\/wp-json\/wp\/v2\/posts\/18177\/revisions"}],"wp:featuredmedia":[{"embeddable":true,"href":"https:\/\/chacosintesis.com.ar\/index.php\/wp-json\/wp\/v2\/media\/18178"}],"wp:attachment":[{"href":"https:\/\/chacosintesis.com.ar\/index.php\/wp-json\/wp\/v2\/media?parent=18177"}],"wp:term":[{"taxonomy":"category","embeddable":true,"href":"https:\/\/chacosintesis.com.ar\/index.php\/wp-json\/wp\/v2\/categories?post=18177"},{"taxonomy":"post_tag","embeddable":true,"href":"https:\/\/chacosintesis.com.ar\/index.php\/wp-json\/wp\/v2\/tags?post=18177"}],"curies":[{"name":"wp","href":"https:\/\/api.w.org\/{rel}","templated":true}]}}