{"id":18171,"date":"2022-12-28T17:38:44","date_gmt":"2022-12-28T20:38:44","guid":{"rendered":"https:\/\/chacosintesis.com.ar\/?p=18171"},"modified":"2022-12-28T17:41:22","modified_gmt":"2022-12-28T20:41:22","slug":"chaco-y-la-nacion-sellaron-acuerdo-por-la-deuda-con-cammesa-con-amplios-plazos-y-quita-de-intereses","status":"publish","type":"post","link":"https:\/\/chacosintesis.com.ar\/index.php\/chaco-y-la-nacion-sellaron-acuerdo-por-la-deuda-con-cammesa-con-amplios-plazos-y-quita-de-intereses\/","title":{"rendered":"Chaco y la Naci\u00f3n sellaron acuerdo por la deuda con Cammesa con amplios plazos y quita de intereses"},"content":{"rendered":"<p>El gobernador firm\u00f3 un convenio de renegociaci\u00f3n con la Secretar\u00eda de Energ\u00eda de la Naci\u00f3n. La deuda, de 40.000 millones de pesos, generada inicialmente en el per\u00edodo 2016-2019, ser\u00e1 refinanciada a 96 meses con una fuerte quita de intereses. La empresa chaque\u00f1a iniciar\u00e1 2023 con un saneamiento integral de sus cuentas.<\/p>\n<p>Continuando su agenda en la Capital Federal, el gobernador Jorge Capitanich rubric\u00f3 este mediod\u00eda un convenio con la secretaria de Energ\u00eda de la Naci\u00f3n, Flavia Roy\u00f3n, para la renegociaci\u00f3n de la deuda que Secheep mantiene con Cammesa. \u201cDe este modo, nuestra provincia tiene sus cuentas ordenadas sin perjudicar a nuestros usuarios y manteniendo el principio de solidaridad en los dif\u00edciles tiempos de la pandemia\u201d, dijo el gobernador.<br \/>\nEl acuerdo al que arribaron las partes contempla la refinanciaci\u00f3n del total de la deuda (40.000 millones de pesos), refacturada con una quita de intereses muy importante a 96 meses de plazo, lo que permitir\u00e1 sanear estructuralmente la empresa. Esta semana el gobernador har\u00eda el anuncio formal en conferencia de prensa.<br \/>\nEl ministro de Planificaci\u00f3n, Econom\u00eda e Infraestructura, Santiago P\u00e9rez Pons, destac\u00f3 la importancia del acuerdo en el marco del proceso de ordenamiento y consolidaci\u00f3n de las cuentas fiscales que la Provincia viene llevando adelante.<br \/>\nEl funcionario coment\u00f3 que Secheep &#8220;ven\u00eda arrastrando una deuda muy grande de la gesti\u00f3n anterior, sobre todo del 2016 al 2019, producto de los tarifazos aplicados en la presidencia de Mauricio Macri, lo que imposibilit\u00f3 el cumplimiento de las obligaciones de pago de los usuarios&#8221;. \u201cEso llev\u00f3 a un desequilibrio financiero que interrumpi\u00f3 los pagos regulares a Cammesa, situaci\u00f3n que se agrav\u00f3 luego con la pandemia\u201d, explic\u00f3.<br \/>\nAsimismo, indic\u00f3 que hoy gracias a la gesti\u00f3n del gobernador Capitanich se arrib\u00f3 a un principio de acuerdo para que la empresa chaque\u00f1a arranque 2023 con un saneamiento integral de sus cuentas y sin deuda. \u201cEste era uno de los objetivos de la pol\u00edtica econ\u00f3mica y lo hemos cumplido\u201d, asegur\u00f3 el ministro, y resalt\u00f3 que la medida se enmarca en \u201cuna provincia s\u00f3lida\u201d en t\u00e9rminos econ\u00f3micos, con super\u00e1vit fiscal y financiero.<\/p>\n","protected":false},"excerpt":{"rendered":"<p>El gobernador firm\u00f3 un convenio de renegociaci\u00f3n con la Secretar\u00eda de Energ\u00eda de la Naci\u00f3n. La deuda, de 40.000 millones de pesos, generada inicialmente en el per\u00edodo 2016-2019, ser\u00e1 refinanciada a 96 meses con una fuerte quita de intereses. La empresa chaque\u00f1a iniciar\u00e1 2023 con un saneamiento integral de sus cuentas. Continuando su agenda en [&hellip;]<\/p>\n","protected":false},"author":1,"featured_media":18172,"comment_status":"closed","ping_status":"closed","sticky":false,"template":"","format":"standard","meta":{"footnotes":""},"categories":[6],"tags":[],"class_list":{"0":"post-18171","1":"post","2":"type-post","3":"status-publish","4":"format-standard","5":"has-post-thumbnail","7":"category-chaco"},"_links":{"self":[{"href":"https:\/\/chacosintesis.com.ar\/index.php\/wp-json\/wp\/v2\/posts\/18171","targetHints":{"allow":["GET"]}}],"collection":[{"href":"https:\/\/chacosintesis.com.ar\/index.php\/wp-json\/wp\/v2\/posts"}],"about":[{"href":"https:\/\/chacosintesis.com.ar\/index.php\/wp-json\/wp\/v2\/types\/post"}],"author":[{"embeddable":true,"href":"https:\/\/chacosintesis.com.ar\/index.php\/wp-json\/wp\/v2\/users\/1"}],"replies":[{"embeddable":true,"href":"https:\/\/chacosintesis.com.ar\/index.php\/wp-json\/wp\/v2\/comments?post=18171"}],"version-history":[{"count":0,"href":"https:\/\/chacosintesis.com.ar\/index.php\/wp-json\/wp\/v2\/posts\/18171\/revisions"}],"wp:featuredmedia":[{"embeddable":true,"href":"https:\/\/chacosintesis.com.ar\/index.php\/wp-json\/wp\/v2\/media\/18172"}],"wp:attachment":[{"href":"https:\/\/chacosintesis.com.ar\/index.php\/wp-json\/wp\/v2\/media?parent=18171"}],"wp:term":[{"taxonomy":"category","embeddable":true,"href":"https:\/\/chacosintesis.com.ar\/index.php\/wp-json\/wp\/v2\/categories?post=18171"},{"taxonomy":"post_tag","embeddable":true,"href":"https:\/\/chacosintesis.com.ar\/index.php\/wp-json\/wp\/v2\/tags?post=18171"}],"curies":[{"name":"wp","href":"https:\/\/api.w.org\/{rel}","templated":true}]}}