{"id":18163,"date":"2022-12-28T17:28:34","date_gmt":"2022-12-28T20:28:34","guid":{"rendered":"https:\/\/chacosintesis.com.ar\/?p=18163"},"modified":"2022-12-28T17:41:20","modified_gmt":"2022-12-28T20:41:20","slug":"peronismo-federal-en-chaco-acompana-la-candidatura-de-polini","status":"publish","type":"post","link":"https:\/\/chacosintesis.com.ar\/index.php\/peronismo-federal-en-chaco-acompana-la-candidatura-de-polini\/","title":{"rendered":"Peronismo Federal en Chaco acompa\u00f1a la candidatura de Polini"},"content":{"rendered":"<p>El precandidato a gobernador del Chaco, el ex intendente de Coronel Du Graty y actual diputado nacional, Juan Carlos Polini, mantuvo un encuentro con referentes del espacio \u201cEncuentro Republicano Federal\u201d que a nivel nacional lidera Miguel Angel Picheto.<br \/>\nEl dirigente local del peronismo republicano federal, Joaqu\u00edn R\u00edos, se\u00f1al\u00f3 \u201cSomos la representaci\u00f3n de Miguel \u00c1ngel Pichetto en el Chaco y queremos convocar a todos los compa\u00f1eros que han sido postergados en su militancia, con profundas convicciones peronistas que atienden las necesidades del pueblo y que quieren sacar de la pobreza a la gente, no aumentarla como ha hecho el kirchnerismo, ocupas del peronismo\u201d<br \/>\n&#8220;Queremos peronistas cr\u00edticos que tengan la capacidad de decir que no est\u00e1n de acuerdo con las injusticias  que se est\u00e1n cometiendo en la provincia, pretendemos rescatar las instituciones y los cuadros probos que merecen ser tenidos en cuenta y ocupar espacios de gesti\u00f3n, tomamos este gesto como el abrazo de Per\u00f3n con Balb\u00edn,  un abrazo patri\u00f3tico, fraterno, que interpreta que m\u00e1s all\u00e1 de nuestras distintas procedencias debemos robustecer el poder pol\u00edtico y la capacidad de poner punto final a este ciclo  agotado,  encontramos en Juan Carlos la persona indicada, que viene del mundo del trabajo, que interpreta el capitalismo moderno, la idea de futuro que mucho tiene que ver con nuestro sentido federalista, un hombre del sector privado que encaminar\u00e1  al Chaco a la producci\u00f3n y el trabajo con inclusi\u00f3n social, estamos convencidos que debe tener la oportunidad de ser el pr\u00f3ximo gobernador\u201d<br \/>\nPolini: \u201cEs el peronismo que piensa en el crecimiento del Chaco\u201d<br \/>\nPor su parte, Polini agradeci\u00f3 y valor\u00f3 el acompa\u00f1amiento \u201cEs un sector muy importante  del peronismo chaque\u00f1o, ese peronismo que defiende la patria, los intereses de la sociedad, que piensa en el crecimiento del Chaco a trav\u00e9s de la educaci\u00f3n, tenemos muchas coincidencias, por ejemplo en la forma de hacer pol\u00edtica, la intenci\u00f3n es abrazar a todos en este frente amplio que estamos conformando para representar a los chaque\u00f1os, hay que fortalecer a los sectores de la pol\u00edtica que pretenden un Chaco distinto, que genere oportunidades de trabajo, la ayuda social est\u00e1 muy bien para seguir acompa\u00f1ando a los sectores vulnerables, pero el desarrollo y el crecimiento se dar\u00e1 con la generaci\u00f3n de mano de obra, de oportunidades para todos aquellos que est\u00e1n y quieren crecer y tambi\u00e9n para pretendan emprender\u201d<\/p>\n","protected":false},"excerpt":{"rendered":"<p>El precandidato a gobernador del Chaco, el ex intendente de Coronel Du Graty y actual diputado nacional, Juan Carlos Polini, mantuvo un encuentro con referentes del espacio \u201cEncuentro Republicano Federal\u201d que a nivel nacional lidera Miguel Angel Picheto. El dirigente local del peronismo republicano federal, Joaqu\u00edn R\u00edos, se\u00f1al\u00f3 \u201cSomos la representaci\u00f3n de Miguel \u00c1ngel Pichetto [&hellip;]<\/p>\n","protected":false},"author":1,"featured_media":18164,"comment_status":"closed","ping_status":"closed","sticky":false,"template":"","format":"standard","meta":{"footnotes":""},"categories":[6],"tags":[],"class_list":{"0":"post-18163","1":"post","2":"type-post","3":"status-publish","4":"format-standard","5":"has-post-thumbnail","7":"category-chaco"},"_links":{"self":[{"href":"https:\/\/chacosintesis.com.ar\/index.php\/wp-json\/wp\/v2\/posts\/18163","targetHints":{"allow":["GET"]}}],"collection":[{"href":"https:\/\/chacosintesis.com.ar\/index.php\/wp-json\/wp\/v2\/posts"}],"about":[{"href":"https:\/\/chacosintesis.com.ar\/index.php\/wp-json\/wp\/v2\/types\/post"}],"author":[{"embeddable":true,"href":"https:\/\/chacosintesis.com.ar\/index.php\/wp-json\/wp\/v2\/users\/1"}],"replies":[{"embeddable":true,"href":"https:\/\/chacosintesis.com.ar\/index.php\/wp-json\/wp\/v2\/comments?post=18163"}],"version-history":[{"count":0,"href":"https:\/\/chacosintesis.com.ar\/index.php\/wp-json\/wp\/v2\/posts\/18163\/revisions"}],"wp:featuredmedia":[{"embeddable":true,"href":"https:\/\/chacosintesis.com.ar\/index.php\/wp-json\/wp\/v2\/media\/18164"}],"wp:attachment":[{"href":"https:\/\/chacosintesis.com.ar\/index.php\/wp-json\/wp\/v2\/media?parent=18163"}],"wp:term":[{"taxonomy":"category","embeddable":true,"href":"https:\/\/chacosintesis.com.ar\/index.php\/wp-json\/wp\/v2\/categories?post=18163"},{"taxonomy":"post_tag","embeddable":true,"href":"https:\/\/chacosintesis.com.ar\/index.php\/wp-json\/wp\/v2\/tags?post=18163"}],"curies":[{"name":"wp","href":"https:\/\/api.w.org\/{rel}","templated":true}]}}