{"id":18156,"date":"2022-10-28T14:57:00","date_gmt":"2022-10-28T17:57:00","guid":{"rendered":"https:\/\/chacosintesis.com.ar\/?p=18156"},"modified":"2022-12-28T10:02:07","modified_gmt":"2022-12-28T13:02:07","slug":"conectividad-energia-y-acceso-a-creditos-internacionales-los-temas-definidos-por-la-mesa-ejecutiva","status":"publish","type":"post","link":"https:\/\/chacosintesis.com.ar\/index.php\/conectividad-energia-y-acceso-a-creditos-internacionales-los-temas-definidos-por-la-mesa-ejecutiva\/","title":{"rendered":"Conectividad, energ\u00eda y acceso a cr\u00e9ditos internacionales, los temas definidos por la mesa ejecutiva"},"content":{"rendered":"\n<p>Con el objetivo de construir un pa\u00eds m\u00e1s federal y explotar el potencial econ\u00f3mico, pol\u00edtico y cultural de las provincias del norte, la mesa ejecutiva del Parlamento del Norte Grande se reuni\u00f3 este viernes en Resistencia, con la presencia de los vicegobernadores y presidentes de legislaturas del Chaco, La Rioja, Jujuy, Salta, Tucum\u00e1n, Catamarca, Santiago del Estero y Corrientes. Durante el encuentro definieron que las energ\u00edas renovables, la hidrov\u00eda Paran\u00e1-Paraguay, la tarifa diferencial para el transporte y el acceso a cr\u00e9ditos internacionales sean los temas a tratar en el pr\u00f3ximo plenario a realizarse el 10 y 11 de noviembre en tierras riojanas.<\/p>\n\n\n\n<p><br>La presidenta del Poder Legislativo del Chaco, Elida Cuesta, resalt\u00f3 que la unidad de las provincias del norte es fundamental para la construcci\u00f3n de un pa\u00eds m\u00e1s federal y de una Patria grande, libre y justa para las y los argentinos. \u201cLa unidad de nuestros pueblos es honrar el legado de los pr\u00f3ceres que tanto hicieron para lograr una Patria grande y justa. Creo que debemos seguir trabajando para fortalecer este foro de discusi\u00f3n y trabajo, m\u00e1s all\u00e1 de las diferencias, porque tenemos un potencial econ\u00f3mico, pol\u00edtico y cultural muy importante\u201d, remarc\u00f3.<\/p>\n\n\n\n<p><br>Adem\u00e1s, llam\u00f3 a potenciar la uni\u00f3n de las provincias del norte para hacer sentir la voz de los pueblos m\u00e1s postergados de la naci\u00f3n. \u201cNosotros estamos trabajando para corregir las asimetr\u00edas que sufren nuestros pueblos, si bien tenemos diferencias, estamos juntos para atender las demandas de la gente, que son las mismas en toda la regi\u00f3n, como la tarifa energ\u00e9tica, el transporte y la infraestructura\u201d, manifest\u00f3 la diputada.<\/p>\n\n\n\n<p><br>Por \u00faltimo, la titular legislativa destac\u00f3 el acompa\u00f1amiento del gobernador Jorge Capitanich, la vicegobernadora Anal\u00eda Rach Quiroga y el intendente de Resistencia Gustavo Mart\u00ednez. \u201cEstamos agradecidos por el acompa\u00f1amiento del gobernador, la vicegobernadora y el intendente; creemos que reforzar el poder institucional de este foro aumenta nuestra representatividad ante nuestros pueblos\u201d, asever\u00f3.<\/p>\n\n\n\n<p>Florencia L\u00f3pez: \u201cNo es f\u00e1cil corregir 200 a\u00f1os de injusticias, pero vamos en el camino correcto\u201d<br>La presidenta del Parlamento del Norte Grande y vicegobernadora de La Rioja, Mar\u00eda Florencia L\u00f3pez, agradeci\u00f3 el recibimiento de las autoridades locales y asegur\u00f3 que la uni\u00f3n de las provincias del norte potencia el desarrollo de la regi\u00f3n. \u201cQuiero agradecer al Chaco por recibirnos, cada reuni\u00f3n que realizamos refuerza la impronta que han tomado nuestros gobernadores de plasmar todo el potencial que tenemos las provincias del norte\u201d, manifest\u00f3.<\/p>\n\n\n\n<p><br>Asimismo, remarc\u00f3 que el reclamo en conjunto de toda la regi\u00f3n se hizo sentir en la naci\u00f3n incorporando temas importantes para los pueblos del Norte Grande. \u201cNo es f\u00e1cil revertir 200 a\u00f1os de injusticias, pero vamos en el camino correcto; gracias al planteo de este parlamento logramos incorporar aumentos al subsidio de la energ\u00eda y transporte solo para las provincias del Norte Grande en el pr\u00f3ximo presupuesto nacional y esto es un motivo de orgullo\u201d, asegur\u00f3.<\/p>\n\n\n\n<p><br>Tambi\u00e9n estuvieron presentes en el encuentro que se realiz\u00f3 en el Hotel Amerian, el presidente provisional de la C\u00e1mara de Senadores de Catamarca, Oscar Alfredo Vera; el vicegobernador y presidente del Honorable Senado de Corrientes, Pedro Braillard Poccard; el presidente de la C\u00e1mara de Diputados de Corrientes, Pedro Cassani; el vicegobernador y presidente de la Honorable C\u00e1mara de Diputados de Jujuy, Carlos Guillermo Haquim; el vicegobernador y presidente de la Honorable C\u00e1mara de Senadores de Salta, Oscar Antonio Marocco; la presidenta provisional de la C\u00e1mara de Diputados de Santiago del Estero, Norma Abdala de Matarazzo; el presidente subrogante a cargo de la vicegobernaci\u00f3n de Tucum\u00e1n, Sergio Francisco Mansilla; y la vicegobernadora del Chaco, Anal\u00eda Rach Quiroga<\/p>\n","protected":false},"excerpt":{"rendered":"<p>Con el objetivo de construir un pa\u00eds m\u00e1s federal y explotar el potencial econ\u00f3mico, pol\u00edtico y cultural de las provincias del norte, la mesa ejecutiva del Parlamento del Norte Grande se reuni\u00f3 este viernes en Resistencia, con la presencia de los vicegobernadores y presidentes de legislaturas del Chaco, La Rioja, Jujuy, Salta, Tucum\u00e1n, Catamarca, Santiago [&hellip;]<\/p>\n","protected":false},"author":10001,"featured_media":18157,"comment_status":"closed","ping_status":"closed","sticky":false,"template":"","format":"standard","meta":{"footnotes":""},"categories":[6],"tags":[202],"class_list":{"0":"post-18156","1":"post","2":"type-post","3":"status-publish","4":"format-standard","5":"has-post-thumbnail","7":"category-chaco","8":"tag-legislatura"},"_links":{"self":[{"href":"https:\/\/chacosintesis.com.ar\/index.php\/wp-json\/wp\/v2\/posts\/18156","targetHints":{"allow":["GET"]}}],"collection":[{"href":"https:\/\/chacosintesis.com.ar\/index.php\/wp-json\/wp\/v2\/posts"}],"about":[{"href":"https:\/\/chacosintesis.com.ar\/index.php\/wp-json\/wp\/v2\/types\/post"}],"author":[{"embeddable":true,"href":"https:\/\/chacosintesis.com.ar\/index.php\/wp-json\/wp\/v2\/users\/10001"}],"replies":[{"embeddable":true,"href":"https:\/\/chacosintesis.com.ar\/index.php\/wp-json\/wp\/v2\/comments?post=18156"}],"version-history":[{"count":0,"href":"https:\/\/chacosintesis.com.ar\/index.php\/wp-json\/wp\/v2\/posts\/18156\/revisions"}],"wp:featuredmedia":[{"embeddable":true,"href":"https:\/\/chacosintesis.com.ar\/index.php\/wp-json\/wp\/v2\/media\/18157"}],"wp:attachment":[{"href":"https:\/\/chacosintesis.com.ar\/index.php\/wp-json\/wp\/v2\/media?parent=18156"}],"wp:term":[{"taxonomy":"category","embeddable":true,"href":"https:\/\/chacosintesis.com.ar\/index.php\/wp-json\/wp\/v2\/categories?post=18156"},{"taxonomy":"post_tag","embeddable":true,"href":"https:\/\/chacosintesis.com.ar\/index.php\/wp-json\/wp\/v2\/tags?post=18156"}],"curies":[{"name":"wp","href":"https:\/\/api.w.org\/{rel}","templated":true}]}}