{"id":18153,"date":"2022-10-27T10:50:00","date_gmt":"2022-10-27T13:50:00","guid":{"rendered":"https:\/\/chacosintesis.com.ar\/?p=18153"},"modified":"2022-12-28T09:54:24","modified_gmt":"2022-12-28T12:54:24","slug":"parlamento-norte-grande-la-mesa-ejecutiva-se-reune-este-viernes-en-resistencia","status":"publish","type":"post","link":"https:\/\/chacosintesis.com.ar\/index.php\/parlamento-norte-grande-la-mesa-ejecutiva-se-reune-este-viernes-en-resistencia\/","title":{"rendered":"Parlamento Norte Grande: la mesa ejecutiva se re\u00fane este viernes en Resistencia"},"content":{"rendered":"\n<p>Con la visita de vicegobernadores y presidentes de c\u00e1maras de las provincias del NEA y NOA, este viernes, a las 10, se realizar\u00e1 la reuni\u00f3n de la mesa ejecutiva del Parlamento del Norte Grande en el sal\u00f3n Casablanca del hotel Amerian. La presidenta del Parlamento del Norte Grande y vicegobernadora de La Rioja, Mar\u00eda Florencia L\u00f3pez, encabezar\u00e1 la apertura en la que se definir\u00e1 el temario para el encuentro del 10 y 11 de noviembre pr\u00f3ximo en tierras riojanas.<\/p>\n\n\n\n<p><br>La presidenta del Poder Legislativo del Chaco, Elida Cuesta, remarc\u00f3 la importancia de pensar la regi\u00f3n en conjunto para la concreci\u00f3n de un pa\u00eds m\u00e1s federal e inclusivo. \u201cEs muy importante continuar debatiendo y trabajando por esta integraci\u00f3n, ya que queremos hacer escuchar la voz de las provincias del norte argentino y lograr la ejecuci\u00f3n de importantes obras de infraestructura que beneficiar\u00e1n a miles de argentinas y argentinos\u201d, expres\u00f3.<\/p>\n\n\n\n<p><br>Adem\u00e1s, agreg\u00f3 que las provincias del norte comparten las mismas demandas y necesidades en su poblaci\u00f3n, por lo que es importante hacer sentir la voz en toda la naci\u00f3n. \u201cTenemos distintas idiosincrasias, pero somos muy parecidos y tenemos problemas comunes, algo que nos une y alienta a seguir trabajando a la par de nuestros gobernadores del norte grande para hacernos escuchar\u201d, concluy\u00f3 la titular legislativa chaque\u00f1a.<\/p>\n\n\n\n<p><br>La mesa ejecutiva del Parlamento del Norte Grande est\u00e1 integrada por la presidenta del Poder Legislativo del Chaco, Elida Cuesta; la vicegobernadora y presidenta de la C\u00e1mara de Diputados de La Rioja, Mar\u00eda Florencia L\u00f3pez; el vicegobernador y presidente de la C\u00e1mara de Senadores de Catamarca, Rub\u00e9n Roberto Dusso; el vicegobernador y presidente del Honorable Senado de Corrientes, Pedro Braillard Poccard; el presidente de la C\u00e1mara de Diputados de Corrientes, Pedro Cassani; el vicegobernador y presidente de la C\u00e1mara de Diputados de Formosa, Eber Wilson Sol\u00eds; el vicegobernador y presidente de la Honorable C\u00e1mara de Diputados de Jujuy, Carlos Guillermo Haquim; el presidente de la C\u00e1mara de Representantes de Misiones, Carlos Eduardo Rovira; el vicegobernador y presidente de la Honorable C\u00e1mara de Senadores de Salta, Oscar Antonio Marocco; la presidenta provisional de la C\u00e1mara de Diputados de Santiago del Estero, Norma Abdala de Matarazzo; el presidente subrogante a cargo de la vicegobernaci\u00f3n de Tucum\u00e1n, Sergio Francisco Mansilla<\/p>\n","protected":false},"excerpt":{"rendered":"<p>Con la visita de vicegobernadores y presidentes de c\u00e1maras de las provincias del NEA y NOA, este viernes, a las 10, se realizar\u00e1 la reuni\u00f3n de la mesa ejecutiva del Parlamento del Norte Grande en el sal\u00f3n Casablanca del hotel Amerian. La presidenta del Parlamento del Norte Grande y vicegobernadora de La Rioja, Mar\u00eda Florencia [&hellip;]<\/p>\n","protected":false},"author":10001,"featured_media":18154,"comment_status":"closed","ping_status":"closed","sticky":false,"template":"","format":"standard","meta":{"footnotes":""},"categories":[6],"tags":[202],"class_list":{"0":"post-18153","1":"post","2":"type-post","3":"status-publish","4":"format-standard","5":"has-post-thumbnail","7":"category-chaco","8":"tag-legislatura"},"_links":{"self":[{"href":"https:\/\/chacosintesis.com.ar\/index.php\/wp-json\/wp\/v2\/posts\/18153","targetHints":{"allow":["GET"]}}],"collection":[{"href":"https:\/\/chacosintesis.com.ar\/index.php\/wp-json\/wp\/v2\/posts"}],"about":[{"href":"https:\/\/chacosintesis.com.ar\/index.php\/wp-json\/wp\/v2\/types\/post"}],"author":[{"embeddable":true,"href":"https:\/\/chacosintesis.com.ar\/index.php\/wp-json\/wp\/v2\/users\/10001"}],"replies":[{"embeddable":true,"href":"https:\/\/chacosintesis.com.ar\/index.php\/wp-json\/wp\/v2\/comments?post=18153"}],"version-history":[{"count":0,"href":"https:\/\/chacosintesis.com.ar\/index.php\/wp-json\/wp\/v2\/posts\/18153\/revisions"}],"wp:featuredmedia":[{"embeddable":true,"href":"https:\/\/chacosintesis.com.ar\/index.php\/wp-json\/wp\/v2\/media\/18154"}],"wp:attachment":[{"href":"https:\/\/chacosintesis.com.ar\/index.php\/wp-json\/wp\/v2\/media?parent=18153"}],"wp:term":[{"taxonomy":"category","embeddable":true,"href":"https:\/\/chacosintesis.com.ar\/index.php\/wp-json\/wp\/v2\/categories?post=18153"},{"taxonomy":"post_tag","embeddable":true,"href":"https:\/\/chacosintesis.com.ar\/index.php\/wp-json\/wp\/v2\/tags?post=18153"}],"curies":[{"name":"wp","href":"https:\/\/api.w.org\/{rel}","templated":true}]}}