{"id":18150,"date":"2022-10-24T10:46:00","date_gmt":"2022-10-24T13:46:00","guid":{"rendered":"https:\/\/chacosintesis.com.ar\/?p=18150"},"modified":"2022-12-28T09:49:41","modified_gmt":"2022-12-28T12:49:41","slug":"resistencia-sera-sede-de-una-nueva-reunion-de-la-mesa-ejecutiva-del-parlamento-del-norte-grande","status":"publish","type":"post","link":"https:\/\/chacosintesis.com.ar\/index.php\/resistencia-sera-sede-de-una-nueva-reunion-de-la-mesa-ejecutiva-del-parlamento-del-norte-grande\/","title":{"rendered":"Resistencia ser\u00e1 sede de una nueva reuni\u00f3n de la Mesa Ejecutiva del Parlamento del Norte Grande"},"content":{"rendered":"\n<p>Con el objetivo de afianzar la integraci\u00f3n y consensuar el temario a tratar en el pr\u00f3ximo plenario de La Rioja, este viernes 28 se reunir\u00e1 en Resistencia la mesa ejecutiva del Parlamento del Norte Grande, constituida por vicegobernadores y presidentes de legislaturas de diez provincias del norte del pa\u00eds.<br>Las actividades comenzar\u00e1n el pr\u00f3ximo jueves, a partir de las 20, con los saludos protocolares a la mesa ejecutiva en el sal\u00f3n Casablanca del Hotel Amerian, a cargo del gobernador Jorge Capitanich; la presidenta del Poder Legislativo del Chaco, Lidia Elida Cuesta; la vicegobernadora Anal\u00eda Rach Quiroga; y el intendente de Resistencia, Gustavo Mart\u00ednez.<br>Ese d\u00eda, a partir de las 10 y en el mismo lugar, la presidenta del Parlamento del Norte Grande, la vicegobernadora de La Rioja, Mar\u00eda Florencia L\u00f3pez, encabezar\u00e1 la apertura de la reuni\u00f3n de la mesa ejecutiva en la cual ser\u00e1 debatido el temario para el plenario a desarrollarse en tierras riojanas el 10 y 11 de noviembre pr\u00f3ximo. \u201cEs muy importante continuar debatiendo y trabajando por esta integraci\u00f3n, ya que queremos hacer escuchar la voz de las provincias del norte argentino y lograr la ejecuci\u00f3n de esas importantes obras de infraestructura que beneficiar\u00e1n a miles de argentinas y argentinos\u201d, expres\u00f3 Cuesta.<br>\u201cTenemos distintas idiosincrasias, pero somos muy parecidos y tenemos problemas comunes, algo que nos une y alienta a seguir trabajando a la par de nuestros gobernadores del norte grande para hacernos escuchar\u201d, concluy\u00f3 la titular legislativa chaque\u00f1a.<br>La mesa ejecutiva del Parlamento del Norte Grande est\u00e1 integrada por la vicegobernadora y presidenta de la C\u00e1mara de Diputados de La Rioja, Mar\u00eda Florencia L\u00f3pez; el vicegobernador y presidente de la C\u00e1mara de Senadores de Catamarca, Rub\u00e9n Roberto Dusso; el vicegobernador y presidente del Honorable Senado de Corrientes, Pedro Braillard Poccard; el presidente de la C\u00e1mara de Diputados de Corrientes, Pedro Cassani; el vicegobernador y presidente de la C\u00e1mara de Diputados de Formosa, Eber Wilson Sol\u00eds; el vicegobernador y presidente de la Honorable C\u00e1mara de Diputados de Jujuy, Carlos Guillermo Haquim; el presidente de la C\u00e1mara de Representantes de Misiones, Carlos Eduardo Rovira; el vicegobernador y presidente de la Honorable C\u00e1mara de Senadores de Salta, Oscar Antonio Marocco; la presidenta provisional de la C\u00e1mara de Diputados de Santiago del Estero, Norma Abdala de Matarazzo; el presidente subrogante a cargo de la vicegobernaci\u00f3n de Tucum\u00e1n, Sergio Francisco Mansilla; la presidenta del Poder Legislativo del Chaco, Elida Cuesta; y la vicegobernadora de la provincia, Anal\u00eda Rach Quiroga<\/p>\n","protected":false},"excerpt":{"rendered":"<p>Con el objetivo de afianzar la integraci\u00f3n y consensuar el temario a tratar en el pr\u00f3ximo plenario de La Rioja, este viernes 28 se reunir\u00e1 en Resistencia la mesa ejecutiva del Parlamento del Norte Grande, constituida por vicegobernadores y presidentes de legislaturas de diez provincias del norte del pa\u00eds.Las actividades comenzar\u00e1n el pr\u00f3ximo jueves, a [&hellip;]<\/p>\n","protected":false},"author":10001,"featured_media":18151,"comment_status":"closed","ping_status":"closed","sticky":false,"template":"","format":"standard","meta":{"footnotes":""},"categories":[6],"tags":[202],"class_list":{"0":"post-18150","1":"post","2":"type-post","3":"status-publish","4":"format-standard","5":"has-post-thumbnail","7":"category-chaco","8":"tag-legislatura"},"_links":{"self":[{"href":"https:\/\/chacosintesis.com.ar\/index.php\/wp-json\/wp\/v2\/posts\/18150","targetHints":{"allow":["GET"]}}],"collection":[{"href":"https:\/\/chacosintesis.com.ar\/index.php\/wp-json\/wp\/v2\/posts"}],"about":[{"href":"https:\/\/chacosintesis.com.ar\/index.php\/wp-json\/wp\/v2\/types\/post"}],"author":[{"embeddable":true,"href":"https:\/\/chacosintesis.com.ar\/index.php\/wp-json\/wp\/v2\/users\/10001"}],"replies":[{"embeddable":true,"href":"https:\/\/chacosintesis.com.ar\/index.php\/wp-json\/wp\/v2\/comments?post=18150"}],"version-history":[{"count":0,"href":"https:\/\/chacosintesis.com.ar\/index.php\/wp-json\/wp\/v2\/posts\/18150\/revisions"}],"wp:featuredmedia":[{"embeddable":true,"href":"https:\/\/chacosintesis.com.ar\/index.php\/wp-json\/wp\/v2\/media\/18151"}],"wp:attachment":[{"href":"https:\/\/chacosintesis.com.ar\/index.php\/wp-json\/wp\/v2\/media?parent=18150"}],"wp:term":[{"taxonomy":"category","embeddable":true,"href":"https:\/\/chacosintesis.com.ar\/index.php\/wp-json\/wp\/v2\/categories?post=18150"},{"taxonomy":"post_tag","embeddable":true,"href":"https:\/\/chacosintesis.com.ar\/index.php\/wp-json\/wp\/v2\/tags?post=18150"}],"curies":[{"name":"wp","href":"https:\/\/api.w.org\/{rel}","templated":true}]}}