{"id":18124,"date":"2022-12-28T09:03:03","date_gmt":"2022-12-28T12:03:03","guid":{"rendered":"https:\/\/chacosintesis.com.ar\/?p=18124"},"modified":"2022-12-28T09:07:19","modified_gmt":"2022-12-28T12:07:19","slug":"este-miercoles-comienza-el-pago-de-salarios-a-la-administracion-publica-provincial","status":"publish","type":"post","link":"https:\/\/chacosintesis.com.ar\/index.php\/este-miercoles-comienza-el-pago-de-salarios-a-la-administracion-publica-provincial\/","title":{"rendered":"Este mi\u00e9rcoles comienza el pago de salarios a la administraci\u00f3n p\u00fablica provincial"},"content":{"rendered":"<p>Los sueldos tendr\u00e1n un aumento del 5%, con el que se cierran las paritarias de este a\u00f1o.<br \/>\n El Ministerio de Planificaci\u00f3n, Econom\u00eda e Infraestructura recuerda que los sueldos de la Administraci\u00f3n P\u00fablica Provincial se acreditar\u00e1n este mi\u00e9rcoles 28 a trabajadores pasivos y el jueves 29 a las y los activos. Como lo anunci\u00f3 el gobernador Jorge Capitanich, en el marco de un plan de medidas econ\u00f3micas, los sueldos tendr\u00e1n un aumento del 5%, con el que se cierran las paritarias de este a\u00f1o. Ese porcentaje, corresponde al incremento del 17% acordado para el \u00faltimo trimestre del a\u00f1o.<\/p>\n<p> \u201cLa pol\u00edtica salarial de la gesti\u00f3n apunta a que el salario le gane a la inflaci\u00f3n, objetivo que venimos cumpliendo gracias a mantener las cuentas p\u00fablicas ordenadas y equilibradas, entre otras cosas, por un eficiente manejo de la hacienda y la exitosa refinanciaci\u00f3n de la deuda p\u00fablica en d\u00f3lares\u201d, se\u00f1al\u00f3 el ministro de Planificaci\u00f3n, Econom\u00eda e Infraestructura, Santiago P\u00e9rez Pons. Como ya es pol\u00edtica de Estado, los salarios se pagan antes de que finalice el mes, tal como lo viene realizando la gesti\u00f3n Capitanich hace m\u00e1s de un a\u00f1o. \u201cLogramos darles certidumbre y previsibilidad\u201d mes a mes, dijo el titular de la cartera econ\u00f3mica.<\/p>\n<p> Anteriormente al pago de salarios, el Gobierno abon\u00f3 el Sueldo Anual Complementario (SAC) y un bono de $20.000. \u201cQueremos cuidar el bolsillo de cada uno de las y los trabajadores; son medidas extraordinarias para fortalecer sus ingresos y para garantizar que pasen de la mejor manera las fiestas de fin de a\u00f1o\u201d, precis\u00f3 P\u00e9rez Pons.<\/p>\n","protected":false},"excerpt":{"rendered":"<p>Los sueldos tendr\u00e1n un aumento del 5%, con el que se cierran las paritarias de este a\u00f1o. El Ministerio de Planificaci\u00f3n, Econom\u00eda e Infraestructura recuerda que los sueldos de la Administraci\u00f3n P\u00fablica Provincial se acreditar\u00e1n este mi\u00e9rcoles 28 a trabajadores pasivos y el jueves 29 a las y los activos. Como lo anunci\u00f3 el gobernador [&hellip;]<\/p>\n","protected":false},"author":1,"featured_media":18125,"comment_status":"closed","ping_status":"closed","sticky":false,"template":"","format":"standard","meta":{"footnotes":""},"categories":[6],"tags":[],"class_list":{"0":"post-18124","1":"post","2":"type-post","3":"status-publish","4":"format-standard","5":"has-post-thumbnail","7":"category-chaco"},"_links":{"self":[{"href":"https:\/\/chacosintesis.com.ar\/index.php\/wp-json\/wp\/v2\/posts\/18124","targetHints":{"allow":["GET"]}}],"collection":[{"href":"https:\/\/chacosintesis.com.ar\/index.php\/wp-json\/wp\/v2\/posts"}],"about":[{"href":"https:\/\/chacosintesis.com.ar\/index.php\/wp-json\/wp\/v2\/types\/post"}],"author":[{"embeddable":true,"href":"https:\/\/chacosintesis.com.ar\/index.php\/wp-json\/wp\/v2\/users\/1"}],"replies":[{"embeddable":true,"href":"https:\/\/chacosintesis.com.ar\/index.php\/wp-json\/wp\/v2\/comments?post=18124"}],"version-history":[{"count":0,"href":"https:\/\/chacosintesis.com.ar\/index.php\/wp-json\/wp\/v2\/posts\/18124\/revisions"}],"wp:featuredmedia":[{"embeddable":true,"href":"https:\/\/chacosintesis.com.ar\/index.php\/wp-json\/wp\/v2\/media\/18125"}],"wp:attachment":[{"href":"https:\/\/chacosintesis.com.ar\/index.php\/wp-json\/wp\/v2\/media?parent=18124"}],"wp:term":[{"taxonomy":"category","embeddable":true,"href":"https:\/\/chacosintesis.com.ar\/index.php\/wp-json\/wp\/v2\/categories?post=18124"},{"taxonomy":"post_tag","embeddable":true,"href":"https:\/\/chacosintesis.com.ar\/index.php\/wp-json\/wp\/v2\/tags?post=18124"}],"curies":[{"name":"wp","href":"https:\/\/api.w.org\/{rel}","templated":true}]}}