{"id":18106,"date":"2022-12-27T09:17:31","date_gmt":"2022-12-27T12:17:31","guid":{"rendered":"https:\/\/chacosintesis.com.ar\/?p=18106"},"modified":"2022-12-27T09:32:29","modified_gmt":"2022-12-27T12:32:29","slug":"calendario-escolar-2023-el-ciclo-lectivo-en-los-tres-niveles-comenzara-el-27-de-febrero","status":"publish","type":"post","link":"https:\/\/chacosintesis.com.ar\/index.php\/calendario-escolar-2023-el-ciclo-lectivo-en-los-tres-niveles-comenzara-el-27-de-febrero\/","title":{"rendered":"Calendario Escolar 2023: el ciclo lectivo en los tres niveles comenzar\u00e1 el 27 de febrero"},"content":{"rendered":"<p>Seg\u00fan lo establecido por Resoluci\u00f3n, estudiantes de Nivel Superior regresar\u00e1n a las aulas el 17 de abril para dar inicio al primer cuatrimestre. El receso de invierno ser\u00e1 del lunes 17 al viernes 28 de julio.<\/p>\n<p>A trav\u00e9s de la Resoluci\u00f3n N\u00b0 04974\/22, el Ministerio de Educaci\u00f3n de la provincia aprob\u00f3 el Calendario Escolar B\u00e1sico 2023, instrumento que permite a las instituciones educativas organizar y desarrollar las fechas del Periodo Lectivo y Escolar de los respectivos niveles y modalidades, en el marco de su proyecto Escolar Comunitario.<br \/>\nEn virtud del aprobado calendario b\u00e1sico, el Periodo Escolar 2023 iniciar\u00e1 el 22 de febrero, con la presentaci\u00f3n de directivos, supervisores, personal docente y bibliotecario en todas las instituciones de todos los niveles y modalidades. Asimismo, el ciclo lectivo para los tres niveles educativos obligatorios comenzar\u00e1 el 27 de febrero, mientras que las y los estudiantes de Nivel Superior regresar\u00e1n a las aulas el 17 de abril para dar inicio al primer cuatrimestre.<br \/>\nEl receso de invierno para los niveles obligatorios ser\u00e1 del lunes 17 de julio hasta el viernes 28 del mismo mes, y el ciclo escolar finalizar\u00e1 el 22 de diciembre. Para el Nivel Superior, el primer cuatrimestre finalizar\u00e1 el viernes 14 de julio, y las clases se reanudar\u00e1n el 22 de agosto. El a\u00f1o lectivo finaliza el 30 de noviembre.<\/p>\n","protected":false},"excerpt":{"rendered":"<p>Seg\u00fan lo establecido por Resoluci\u00f3n, estudiantes de Nivel Superior regresar\u00e1n a las aulas el 17 de abril para dar inicio al primer cuatrimestre. El receso de invierno ser\u00e1 del lunes 17 al viernes 28 de julio. A trav\u00e9s de la Resoluci\u00f3n N\u00b0 04974\/22, el Ministerio de Educaci\u00f3n de la provincia aprob\u00f3 el Calendario Escolar B\u00e1sico [&hellip;]<\/p>\n","protected":false},"author":1,"featured_media":18107,"comment_status":"closed","ping_status":"closed","sticky":false,"template":"","format":"standard","meta":{"footnotes":""},"categories":[6],"tags":[],"class_list":{"0":"post-18106","1":"post","2":"type-post","3":"status-publish","4":"format-standard","5":"has-post-thumbnail","7":"category-chaco"},"_links":{"self":[{"href":"https:\/\/chacosintesis.com.ar\/index.php\/wp-json\/wp\/v2\/posts\/18106","targetHints":{"allow":["GET"]}}],"collection":[{"href":"https:\/\/chacosintesis.com.ar\/index.php\/wp-json\/wp\/v2\/posts"}],"about":[{"href":"https:\/\/chacosintesis.com.ar\/index.php\/wp-json\/wp\/v2\/types\/post"}],"author":[{"embeddable":true,"href":"https:\/\/chacosintesis.com.ar\/index.php\/wp-json\/wp\/v2\/users\/1"}],"replies":[{"embeddable":true,"href":"https:\/\/chacosintesis.com.ar\/index.php\/wp-json\/wp\/v2\/comments?post=18106"}],"version-history":[{"count":0,"href":"https:\/\/chacosintesis.com.ar\/index.php\/wp-json\/wp\/v2\/posts\/18106\/revisions"}],"wp:featuredmedia":[{"embeddable":true,"href":"https:\/\/chacosintesis.com.ar\/index.php\/wp-json\/wp\/v2\/media\/18107"}],"wp:attachment":[{"href":"https:\/\/chacosintesis.com.ar\/index.php\/wp-json\/wp\/v2\/media?parent=18106"}],"wp:term":[{"taxonomy":"category","embeddable":true,"href":"https:\/\/chacosintesis.com.ar\/index.php\/wp-json\/wp\/v2\/categories?post=18106"},{"taxonomy":"post_tag","embeddable":true,"href":"https:\/\/chacosintesis.com.ar\/index.php\/wp-json\/wp\/v2\/tags?post=18106"}],"curies":[{"name":"wp","href":"https:\/\/api.w.org\/{rel}","templated":true}]}}