{"id":18102,"date":"2022-12-27T09:02:35","date_gmt":"2022-12-27T12:02:35","guid":{"rendered":"https:\/\/chacosintesis.com.ar\/?p=18102"},"modified":"2022-12-27T09:07:28","modified_gmt":"2022-12-27T12:07:28","slug":"capitanich-dialogo-con-trabajadores-de-cultura-sobre-condiciones-laborales-e-ingreso-por-concurso","status":"publish","type":"post","link":"https:\/\/chacosintesis.com.ar\/index.php\/capitanich-dialogo-con-trabajadores-de-cultura-sobre-condiciones-laborales-e-ingreso-por-concurso\/","title":{"rendered":"Capitanich dialog\u00f3 con trabajadores de Cultura sobre condiciones laborales e ingreso por concurso"},"content":{"rendered":"<p>El gobernador Jorge Capitanich se reuni\u00f3 en la noche de este lunes con trabajadores y trabajadoras del Instituto de Cultura en la Casa de las Culturas con el objetivo de &#8220;fortalecer las condiciones laborales del sector y mejorar la infraestructura edilicia&#8221;, seg\u00fan inform\u00f3 en redes sociales.<br \/>\n&#8220;Conversamos sobre la refacci\u00f3n integral que vamos a llevar adelante en el a\u00f1o 2023 para la reinauguraci\u00f3n de este importante edificio que permitir\u00e1 impulsar el desarrollo del espacio&#8221;, asegur\u00f3.<br \/>\nEn este sentido, el mandatario destac\u00f3 que el encuentro &#8220;forma parte de un ciclo de visitas por todos los espacios culturales, archivo hist\u00f3rico y museos en virtud de trabajar en un proyecto de ley de la carrera cultural con un ingreso por concurso de antecedentes y oposici\u00f3n&#8221;.<br \/>\n&#8220;Vamos a continuar recorriendo los 18 espacios culturales de la provincia que son nuestro patrimonio y mejorando la calidad de vida de los trabajadores y trabajadoras del sector&#8221;, concluy\u00f3.<\/p>\n","protected":false},"excerpt":{"rendered":"<p>El gobernador Jorge Capitanich se reuni\u00f3 en la noche de este lunes con trabajadores y trabajadoras del Instituto de Cultura en la Casa de las Culturas con el objetivo de &#8220;fortalecer las condiciones laborales del sector y mejorar la infraestructura edilicia&#8221;, seg\u00fan inform\u00f3 en redes sociales. &#8220;Conversamos sobre la refacci\u00f3n integral que vamos a llevar [&hellip;]<\/p>\n","protected":false},"author":1,"featured_media":18103,"comment_status":"closed","ping_status":"closed","sticky":false,"template":"","format":"standard","meta":{"footnotes":""},"categories":[6],"tags":[],"class_list":{"0":"post-18102","1":"post","2":"type-post","3":"status-publish","4":"format-standard","5":"has-post-thumbnail","7":"category-chaco"},"_links":{"self":[{"href":"https:\/\/chacosintesis.com.ar\/index.php\/wp-json\/wp\/v2\/posts\/18102","targetHints":{"allow":["GET"]}}],"collection":[{"href":"https:\/\/chacosintesis.com.ar\/index.php\/wp-json\/wp\/v2\/posts"}],"about":[{"href":"https:\/\/chacosintesis.com.ar\/index.php\/wp-json\/wp\/v2\/types\/post"}],"author":[{"embeddable":true,"href":"https:\/\/chacosintesis.com.ar\/index.php\/wp-json\/wp\/v2\/users\/1"}],"replies":[{"embeddable":true,"href":"https:\/\/chacosintesis.com.ar\/index.php\/wp-json\/wp\/v2\/comments?post=18102"}],"version-history":[{"count":0,"href":"https:\/\/chacosintesis.com.ar\/index.php\/wp-json\/wp\/v2\/posts\/18102\/revisions"}],"wp:featuredmedia":[{"embeddable":true,"href":"https:\/\/chacosintesis.com.ar\/index.php\/wp-json\/wp\/v2\/media\/18103"}],"wp:attachment":[{"href":"https:\/\/chacosintesis.com.ar\/index.php\/wp-json\/wp\/v2\/media?parent=18102"}],"wp:term":[{"taxonomy":"category","embeddable":true,"href":"https:\/\/chacosintesis.com.ar\/index.php\/wp-json\/wp\/v2\/categories?post=18102"},{"taxonomy":"post_tag","embeddable":true,"href":"https:\/\/chacosintesis.com.ar\/index.php\/wp-json\/wp\/v2\/tags?post=18102"}],"curies":[{"name":"wp","href":"https:\/\/api.w.org\/{rel}","templated":true}]}}