{"id":18088,"date":"2022-12-26T09:01:58","date_gmt":"2022-12-26T12:01:58","guid":{"rendered":"https:\/\/chacosintesis.com.ar\/?p=18088"},"modified":"2022-12-26T09:08:24","modified_gmt":"2022-12-26T12:08:24","slug":"robaron-una-avioneta-del-aeroclub-chaco-y-segun-el-gps-aterrizo-en-bolivia","status":"publish","type":"post","link":"https:\/\/chacosintesis.com.ar\/index.php\/robaron-una-avioneta-del-aeroclub-chaco-y-segun-el-gps-aterrizo-en-bolivia\/","title":{"rendered":"Robaron una avioneta del Aeroclub Chaco y seg\u00fan el GPS aterriz\u00f3 en Bolivia"},"content":{"rendered":"<p>Seg\u00fan el registro de FlightRadar24, la avioneta despeg\u00f3 de Basail a las 2:47 de la madrugada, se dirigi\u00f3 hacia el norte y cruz\u00f3 a Paraguay, donde atraves\u00f3 el pa\u00eds de sur a norte alrededor de las 4:18. Finalmente, cerca de las 7 de la ma\u00f1ana, cruz\u00f3 hacia Bolivia, donde aterriz\u00f3 cerca de la localidad de Pantano.<br \/>\nEn la madrugada del domingo, en plena Navidad, cuatro personas ingresaron al predio del Aeroclub Chaco en el Campo los Palmares para llevarse una avioneta marca Cessna, modelo 206, matr\u00edcula LVKEY. Fuentes policiales informaron que efectivos de la comisar\u00eda de Basail acudieron cerca de las 13:30 hasta la propiedad ubicada sobre la ruta nacional 11, kil\u00f3metro 977. All\u00ed entrevistaron a un piloto y administrativo del Aeroclub Chaco, que entreg\u00f3 los videos registrados por las c\u00e1maras de seguridad y adem\u00e1s se\u00f1al\u00f3 que seg\u00fan el seguimiento del Sistema de Posicionamiento Global (GPS) de la aeronave, la llevaron hasta Bolivia. Seg\u00fan el registro de FlightRadar24, la avioneta despeg\u00f3 de Basail a las 2:47 de la madrugada, se dirigi\u00f3 hacia el norte y cruz\u00f3 a Paraguay, donde atraves\u00f3 el pa\u00eds de sur a norte alrededor de las 4:18. Finalmente, cerca de las 7 de la ma\u00f1ana, cruz\u00f3 hacia Bolivia, donde aterriz\u00f3 cerca de la localidad de Pantano. Luego de radicar la denuncia en la comisar\u00eda jurisdiccional, agentes de la Divisi\u00f3n Rastros y del Departamento de Investigaciones Complejas iniciaron las tareas para dar con la aeronave y los responsables. La causa qued\u00f3 en manos de la Fiscal\u00eda de Investigaci\u00f3n Penal N\u00b0 13, a cargo de V\u00edctor Recio, que se present\u00f3 en el lugar del hecho junto a su ayudante fiscal.<\/p>\n","protected":false},"excerpt":{"rendered":"<p>Seg\u00fan el registro de FlightRadar24, la avioneta despeg\u00f3 de Basail a las 2:47 de la madrugada, se dirigi\u00f3 hacia el norte y cruz\u00f3 a Paraguay, donde atraves\u00f3 el pa\u00eds de sur a norte alrededor de las 4:18. Finalmente, cerca de las 7 de la ma\u00f1ana, cruz\u00f3 hacia Bolivia, donde aterriz\u00f3 cerca de la localidad de [&hellip;]<\/p>\n","protected":false},"author":1,"featured_media":18089,"comment_status":"closed","ping_status":"closed","sticky":false,"template":"","format":"standard","meta":{"footnotes":""},"categories":[6],"tags":[],"class_list":{"0":"post-18088","1":"post","2":"type-post","3":"status-publish","4":"format-standard","5":"has-post-thumbnail","7":"category-chaco"},"_links":{"self":[{"href":"https:\/\/chacosintesis.com.ar\/index.php\/wp-json\/wp\/v2\/posts\/18088","targetHints":{"allow":["GET"]}}],"collection":[{"href":"https:\/\/chacosintesis.com.ar\/index.php\/wp-json\/wp\/v2\/posts"}],"about":[{"href":"https:\/\/chacosintesis.com.ar\/index.php\/wp-json\/wp\/v2\/types\/post"}],"author":[{"embeddable":true,"href":"https:\/\/chacosintesis.com.ar\/index.php\/wp-json\/wp\/v2\/users\/1"}],"replies":[{"embeddable":true,"href":"https:\/\/chacosintesis.com.ar\/index.php\/wp-json\/wp\/v2\/comments?post=18088"}],"version-history":[{"count":0,"href":"https:\/\/chacosintesis.com.ar\/index.php\/wp-json\/wp\/v2\/posts\/18088\/revisions"}],"wp:featuredmedia":[{"embeddable":true,"href":"https:\/\/chacosintesis.com.ar\/index.php\/wp-json\/wp\/v2\/media\/18089"}],"wp:attachment":[{"href":"https:\/\/chacosintesis.com.ar\/index.php\/wp-json\/wp\/v2\/media?parent=18088"}],"wp:term":[{"taxonomy":"category","embeddable":true,"href":"https:\/\/chacosintesis.com.ar\/index.php\/wp-json\/wp\/v2\/categories?post=18088"},{"taxonomy":"post_tag","embeddable":true,"href":"https:\/\/chacosintesis.com.ar\/index.php\/wp-json\/wp\/v2\/tags?post=18088"}],"curies":[{"name":"wp","href":"https:\/\/api.w.org\/{rel}","templated":true}]}}