{"id":18045,"date":"2022-12-22T08:15:04","date_gmt":"2022-12-22T11:15:04","guid":{"rendered":"https:\/\/chacosintesis.com.ar\/?p=18045"},"modified":"2022-12-22T08:26:01","modified_gmt":"2022-12-22T11:26:01","slug":"el-fallo-de-la-corte-suprema-de-justicia-viola-el-articulo-uno-de-la-constitucion-nacional","status":"publish","type":"post","link":"https:\/\/chacosintesis.com.ar\/index.php\/el-fallo-de-la-corte-suprema-de-justicia-viola-el-articulo-uno-de-la-constitucion-nacional\/","title":{"rendered":"\u201cEl fallo de la Corte Suprema de Justicia viola el art\u00edculo uno de la Constituci\u00f3n Nacional\u201d"},"content":{"rendered":"<p>\u201cEsta desigualdad es intolerable. Basta de atropellos\u201d, sentenci\u00f3 y le solicit\u00f3 al Presidente de la Naci\u00f3n \u201cdesconocer este fallo\u201d.<\/p>\n<p>Tras la difusi\u00f3n de la sentencia sobre los fondos coparticipables que dispuso que el Gobierno nacional le pague a la ciudad de Buenos Aires el 2,95% de la masa de impuestos coparticipables, el gobernador Jorge Capitanich calific\u00f3 que el fallo de la Corte Suprema de Justicia de la Naci\u00f3n viola el art\u00edculo uno de la Constituci\u00f3n Nacional. A trav\u00e9s de su cuenta de Twitter y en un hilo de tuits, el mandatario chaque\u00f1o asegur\u00f3 que la CSJ \u201cha provocado un conflicto de poderes y la arbitrariedad manifiesta junto a la discrecionalidad requiere la adopci\u00f3n de decisiones claras e indubitables\u201d, al tiempo que indic\u00f3 que \u201cesta desigualdad es intolerable\u201d y concluy\u00f3: \u201cBasta de atropellos. Debemos mendigar las cosas que nos faltan mientras otros presumen de cosas que les sobran\u201d.<br \/>\nEn esta l\u00ednea, el titular del Ejecutivo provincial record\u00f3 que la ley 23548 de coparticipaci\u00f3n federal de impuestos y sus modificatorias vigente a partir del 1 de enero de 1988 en su art\u00edculo cuarto, cuando se refiere a la distribuci\u00f3n secundaria, \u201cno incluye a la Municipalidad de la Ciudad de Buenos Aires ni tampoco al Territorio Nacional de Tierra del Fuego, luego devenida en provincia argentina por ley del Congreso\u201d. \u201c Lo que establece el art\u00edculo 8\u00b0 de la ley 23548 es que la Naci\u00f3n de la parte que le corresponde, entregar\u00e1 a la Municipalidad de la Ciudad de Buenos Aires una participaci\u00f3n compatible con los niveles hist\u00f3ricos, la que no podr\u00e1 ser inferior en t\u00e9rminos constantes a la suma transferida en 1987. El 1 de octubre de 1996 se dicta la Constituci\u00f3n de la Ciudad Aut\u00f3noma de Buenos Aires en cumplimiento de lo dispuesto por el art\u00edculo 129 de la Constituci\u00f3n Nacional reformada en 1994 y el Poder Ejecutivo que yo integraba dicta el decreto 692 del 26 de abril de 2002 para proveer la transferencia autom\u00e1tica y diaria de recursos en el marco de lo estipulado por el art\u00edculo 8\u00b0 de la ley 23548. Finalmente, se suscribe un acta complementaria entre el Estado Nacional y la Ciudad Aut\u00f3noma de Buenos Aires en cuya cl\u00e1usula primera se establece un coeficiente de participaci\u00f3n equivalente al 1,40% del monto total recaudado por los grav\u00e1menes establecidos en el art\u00edculo 2\u00b0 de la ley 23548 y sus modificaciones, y a partir de este acta, se dicta el decreto 705\/2003 publicado el 27 de marzo de 2003 en donde se deroga el decreto 692\/2002 y se ratifica el coeficiente de distribuci\u00f3n del 1,40 %\u201d, agreg\u00f3 como contexto.<br \/>\nA su vez, mencion\u00f3 que la ley 23548 ha tenido desde el a\u00f1o 1988 sucesivas modificaciones a trav\u00e9s de pactos fiscales en 1992, 1993, 1999, 2000, 2001, 2002, 2017, 2018, 2019 y 2020. \u201cPero el hecho de mayor gravedad institucional lo provoc\u00f3 Macri como Presidente de la Rep\u00fablica a trav\u00e9s del Decreto 194\/2016 en donde eleva el coeficiente del 1,4 % al 3,75 % sin justificativo alguno. Luego se corrige a trav\u00e9s del Decreto 399\/16 que fundamenta la decisi\u00f3n \u00b4para consolidar la organizaci\u00f3n y funcionamiento institucional de las funciones de seguridad p\u00fablica en todas las materias no federales ejercidas por la Ciudad Aut\u00f3noma de Buenos Aires\u201d, agreg\u00f3 Capitanich.<br \/>\nY concluy\u00f3 al respecto: \u201cPosteriormente el Decreto 257\/2018 estableci\u00f3 una reducci\u00f3n de la al\u00edcuota al 3,5%y mediante el decreto 735\/2020 el coeficiente se fijar\u00e1 en 2,32 % hasta la transferencia por ley del Congreso de la Naci\u00f3n conforme al art\u00edculo 75 inciso 2 p\u00e1rrafo 5. Finalmente, el Congreso de la Naci\u00f3n sanciona la ley 27606 el convenio de transferencia progresiva a la CABA de facultades y funciones de seguridad en todas las materias no ejercidas en la misma\u201d.<br \/>\n\u201cEl Presidente debe desconocer este fallo\u201d<br \/>\nLuego, en contacto con C5N, el gobernador tambi\u00e9n le pidi\u00f3 al Presidente de la Naci\u00f3n que \u201cdesconozca este fallo\u201d y adelant\u00f3 que no podr\u00e1 concurrir este jueves 22 a la convocatoria realizada por Alberto Fern\u00e1ndez. As\u00ed, convoc\u00f3 a gobernadoras y gobernadores que \u201cmuchas veces creen que esto es una discusi\u00f3n pol\u00edtica entre oficialismo y oposici\u00f3n: esto se trata de federalismo si o federalismo no\u201d. \u201cNo podemos seguir cediendo las banderas del federalismo, porque esto nos lleva puesto a todos\u201d, ponder\u00f3 en di\u00e1logo con Gustavo Sylvestre. Y finaliz\u00f3: \u201cEspero que nuestros colegas de otros partidos pol\u00edticos no sean c\u00f3mplices de esta decisi\u00f3n\u201d.<br \/>\nA su vez, en el hilo de tuits, Capitanich indic\u00f3 que mediante este fallo de la Corte Suprema de Justicia, \u201cvarias veces anunciado por periodistas y medios de comunicaci\u00f3n afines al gobierno de la Ciudad\u201d, fija el coeficiente en 2,95 % haciendo lugar a una medida cautelar y desconociendo los dict\u00e1menes del Plenario de Representantes de la Comisi\u00f3n Federal de Impuestos, m\u00e1ximo \u00f3rgano de representaci\u00f3n de las jurisdicciones creado por el art\u00edculo 10 de la ley 23548.<br \/>\n\u201cLas transferencias a la Ciudad de Buenos Aires en el a\u00f1o 2016 deber\u00edan haber ascendido a 10351 millones de pesos y fueron 27752 millones de pesos, m\u00e1s del doble del costo efectivo de los servicios de seguridad p\u00fablica. Las transferencias en exceso a precios de 2023 superan los 730.000 millones de pesos en forma acumulativa, desde 2016 hasta 2020, lo cual implica transferir a la jurisdicci\u00f3n m\u00e1s rica del pa\u00eds m\u00e1s recursos. Para el a\u00f1o 2023, estas transferencias en exceso ascender\u00edan con este fallo a otros 180.000 millones de pesos\u201d, precis\u00f3.<br \/>\nEn la misma l\u00ednea, asegur\u00f3 que \u201cno es cierto que no se perjudique a las provincias argentinas o que ocasione da\u00f1o al federalismo por una sencilla raz\u00f3n: son menos recursos para obras o pol\u00edticas redistributivas\u201d. \u201cTodos coincidimos en que la Rep\u00fablica Argentina es profundamente desigual desde el punto de vista funcional y espacial del ingreso. En el 0,01 % de la superficie se concentra el 37\/40% de la poblaci\u00f3n, pero lo m\u00e1s grave, alrededor de Buenos Aires se concentra el 57 % del empleo formal de la Argentina. Esta desigualdad es intolerable!\u201d, sentenci\u00f3.<br \/>\n\u201cEl poder econ\u00f3mico construye poder medi\u00e1tico concentrado y coopta al poder judicial como factor de poder discrecional. Ya lo hicieron con el Consejo de la Magistratura. Ahora lo hacen vulnerando el federalismo. El Presidente de la Naci\u00f3n debe desconocer este fallo pues objetivamente es una atribuci\u00f3n constitucional del art\u00edculo 99, y no depende de una intromisi\u00f3n de car\u00e1cter judicial arbitraria y discrecional\u201d, insisti\u00f3 el mandatario chaque\u00f1o.<br \/>\nY cerr\u00f3: \u201cLa Corte Suprema de Justicia de la Naci\u00f3n ha provocado un conflicto de poderes y la arbitrariedad manifiesta junto a la discrecionalidad requiere la adopci\u00f3n de decisiones claras e indubitables. Del mismo modo que nosotros nos sometemos a elecciones peri\u00f3dicas y al escrutinio p\u00fablico permanente, frente a la destrucci\u00f3n del federalismo es hora que mediante un juicio pol\u00edtico los jueces rindan cuentan de sus actos para que nunca m\u00e1s se vulneren principios esenciales que la misma constituci\u00f3n fija\u201d.<br \/>\n\u201cBasta de atropellos! Debemos mendigar las cosas que nos faltan mientras otros presumen de cosas que les sobran!\u201d, concluy\u00f3.<\/p>\n","protected":false},"excerpt":{"rendered":"<p>\u201cEsta desigualdad es intolerable. Basta de atropellos\u201d, sentenci\u00f3 y le solicit\u00f3 al Presidente de la Naci\u00f3n \u201cdesconocer este fallo\u201d. Tras la difusi\u00f3n de la sentencia sobre los fondos coparticipables que dispuso que el Gobierno nacional le pague a la ciudad de Buenos Aires el 2,95% de la masa de impuestos coparticipables, el gobernador Jorge Capitanich [&hellip;]<\/p>\n","protected":false},"author":1,"featured_media":18046,"comment_status":"closed","ping_status":"closed","sticky":false,"template":"","format":"standard","meta":{"footnotes":""},"categories":[6],"tags":[],"class_list":{"0":"post-18045","1":"post","2":"type-post","3":"status-publish","4":"format-standard","5":"has-post-thumbnail","7":"category-chaco"},"_links":{"self":[{"href":"https:\/\/chacosintesis.com.ar\/index.php\/wp-json\/wp\/v2\/posts\/18045","targetHints":{"allow":["GET"]}}],"collection":[{"href":"https:\/\/chacosintesis.com.ar\/index.php\/wp-json\/wp\/v2\/posts"}],"about":[{"href":"https:\/\/chacosintesis.com.ar\/index.php\/wp-json\/wp\/v2\/types\/post"}],"author":[{"embeddable":true,"href":"https:\/\/chacosintesis.com.ar\/index.php\/wp-json\/wp\/v2\/users\/1"}],"replies":[{"embeddable":true,"href":"https:\/\/chacosintesis.com.ar\/index.php\/wp-json\/wp\/v2\/comments?post=18045"}],"version-history":[{"count":0,"href":"https:\/\/chacosintesis.com.ar\/index.php\/wp-json\/wp\/v2\/posts\/18045\/revisions"}],"wp:featuredmedia":[{"embeddable":true,"href":"https:\/\/chacosintesis.com.ar\/index.php\/wp-json\/wp\/v2\/media\/18046"}],"wp:attachment":[{"href":"https:\/\/chacosintesis.com.ar\/index.php\/wp-json\/wp\/v2\/media?parent=18045"}],"wp:term":[{"taxonomy":"category","embeddable":true,"href":"https:\/\/chacosintesis.com.ar\/index.php\/wp-json\/wp\/v2\/categories?post=18045"},{"taxonomy":"post_tag","embeddable":true,"href":"https:\/\/chacosintesis.com.ar\/index.php\/wp-json\/wp\/v2\/tags?post=18045"}],"curies":[{"name":"wp","href":"https:\/\/api.w.org\/{rel}","templated":true}]}}