{"id":18037,"date":"2022-12-21T11:41:14","date_gmt":"2022-12-21T14:41:14","guid":{"rendered":"https:\/\/chacosintesis.com.ar\/?p=18037"},"modified":"2022-12-21T12:08:45","modified_gmt":"2022-12-21T15:08:45","slug":"el-gobierno-inauguro-nuevas-cuadras-de-pavimento-urbano-en-resistencia","status":"publish","type":"post","link":"https:\/\/chacosintesis.com.ar\/index.php\/el-gobierno-inauguro-nuevas-cuadras-de-pavimento-urbano-en-resistencia\/","title":{"rendered":"El gobierno inaugur\u00f3 nuevas cuadras de pavimento urbano en Resistencia"},"content":{"rendered":"<p>La obra, que tuvo una inversi\u00f3n de $45.183.843, corresponde al tramo sobre la avenida Moreno, entre la calle Padre Cerqueira y la Avenida Mac Lean, completando el entramado vial del barrio Villa Adelante. \u201cEn casi 145 a\u00f1os de Resistencia, somos los responsables de m\u00e1s del 50% de la pavimentaci\u00f3n urbana de la ciudad\u201d, afirm\u00f3 el gobernador.<\/p>\n<p>El gobernador Jorge Capitanich inaugur\u00f3 este martes cinco cuadras de pavimento urbano en la ciudad de Resistencia, m\u00e1s espec\u00edficamente sobre la avenida Moreno. Junto al administrador de Vialidad Provincial, Hugo Varela, el mandatario remarc\u00f3 que \u201cel pavimento urbano realmente mejora la conectividad del barrio, pero sobre todo la calidad de vida de todos los vecinos y vecinas\u201d.<br \/>\nLa obra de pavimento demand\u00f3 una inversi\u00f3n de $45.183.843, con un financiamiento compartido entre el Ministerio de Planificaci\u00f3n, Econom\u00eda e Infraestructura y la Direcci\u00f3n de Vialidad Provincial. El tramo intervenido contempla 4.479 metros cuadrados de pavimento r\u00edgido con cord\u00f3n integral, que cubre cinco cuadras de largo entre la calle Padre Cerqueira y la Avenida Mac Lean.<br \/>\n\u201cEra una asignatura pendiente tener esta infraestructura vial para el barrio, que antes carec\u00eda de sus beneficios\u201d, sostuvo el gobernador, quien durante el acto se comprometi\u00f3 a que en los pr\u00f3ximos meses se realizar\u00e1n los trabajos complementarios del alumbrado p\u00fablico de dicho tramo, con la instalaci\u00f3n de las l\u00e1mparas LED de \u00faltima tecnolog\u00eda.<br \/>\nLa gesti\u00f3n que lleva adelante Capitanich, en conjunto con su etapa como intendente de la ciudad, fue la encargada de pavimentar todas las cuadras internas de Villa Adelante, ya que antes s\u00f3lo se contaba con esta condici\u00f3n en la Avenida Alvear, en la Avenida Mac Lean y en la calle Padre Cerqueira.<br \/>\nPor \u00faltimo, durante el acto de inauguraci\u00f3n, que cont\u00f3 con la presencia del ministro de Gobierno y Trabajo, Juan Manuel Chapo, el mandatario remarc\u00f3 que \u201cen casi 145 a\u00f1os de Resistencia, somos los responsables de m\u00e1s del 50% de la pavimentaci\u00f3n urbana de la ciudad, y con toda la infraestructura moderna que eso conlleva. Se trata realmente de una inversi\u00f3n sin precedentes\u201d.<br \/>\nA su vez, el administrador General de Vialidad Provincial, Hugo Varela, quien estuvo acompa\u00f1ado por el secretario de Planificaci\u00f3n, Infraestructura y Ambiente de la Municipalidad de Resistencia, Guillermo Monz\u00f3n, destac\u00f3 que \u201cestas obras vienen a contribuir urban\u00edsticamente con la ciudad, a mejorar la calidad de vida de los vecinos y tambi\u00e9n a su seguridad. Adem\u00e1s, estos trabajos generan empleo, y eso siempre es una buena noticia\u201d.<br \/>\nFinalmente, una vecina del lugar, Irma Rol\u00f3n, agradeci\u00f3 a las autoridades por los trabajos de pavimentaci\u00f3n y relat\u00f3 que \u201ccuando vine a vivir a este barrio, recuerdo que estaba lleno de zanjas y se inundaba seguido. Y verlo hoy tan cambiado es motivo para estar muy contenta. Necesitamos estar bien, y esta clase de obras realmente generan orgullo y un sentido de pertenencia muy fuerte\u201d.<\/p>\n","protected":false},"excerpt":{"rendered":"<p>La obra, que tuvo una inversi\u00f3n de $45.183.843, corresponde al tramo sobre la avenida Moreno, entre la calle Padre Cerqueira y la Avenida Mac Lean, completando el entramado vial del barrio Villa Adelante. \u201cEn casi 145 a\u00f1os de Resistencia, somos los responsables de m\u00e1s del 50% de la pavimentaci\u00f3n urbana de la ciudad\u201d, afirm\u00f3 el [&hellip;]<\/p>\n","protected":false},"author":1,"featured_media":18038,"comment_status":"closed","ping_status":"closed","sticky":false,"template":"","format":"standard","meta":{"footnotes":""},"categories":[6],"tags":[],"class_list":{"0":"post-18037","1":"post","2":"type-post","3":"status-publish","4":"format-standard","5":"has-post-thumbnail","7":"category-chaco"},"_links":{"self":[{"href":"https:\/\/chacosintesis.com.ar\/index.php\/wp-json\/wp\/v2\/posts\/18037","targetHints":{"allow":["GET"]}}],"collection":[{"href":"https:\/\/chacosintesis.com.ar\/index.php\/wp-json\/wp\/v2\/posts"}],"about":[{"href":"https:\/\/chacosintesis.com.ar\/index.php\/wp-json\/wp\/v2\/types\/post"}],"author":[{"embeddable":true,"href":"https:\/\/chacosintesis.com.ar\/index.php\/wp-json\/wp\/v2\/users\/1"}],"replies":[{"embeddable":true,"href":"https:\/\/chacosintesis.com.ar\/index.php\/wp-json\/wp\/v2\/comments?post=18037"}],"version-history":[{"count":0,"href":"https:\/\/chacosintesis.com.ar\/index.php\/wp-json\/wp\/v2\/posts\/18037\/revisions"}],"wp:featuredmedia":[{"embeddable":true,"href":"https:\/\/chacosintesis.com.ar\/index.php\/wp-json\/wp\/v2\/media\/18038"}],"wp:attachment":[{"href":"https:\/\/chacosintesis.com.ar\/index.php\/wp-json\/wp\/v2\/media?parent=18037"}],"wp:term":[{"taxonomy":"category","embeddable":true,"href":"https:\/\/chacosintesis.com.ar\/index.php\/wp-json\/wp\/v2\/categories?post=18037"},{"taxonomy":"post_tag","embeddable":true,"href":"https:\/\/chacosintesis.com.ar\/index.php\/wp-json\/wp\/v2\/tags?post=18037"}],"curies":[{"name":"wp","href":"https:\/\/api.w.org\/{rel}","templated":true}]}}