{"id":18033,"date":"2022-12-20T09:10:40","date_gmt":"2022-12-20T12:10:40","guid":{"rendered":"https:\/\/chacosintesis.com.ar\/?p=18033"},"modified":"2022-12-20T09:37:35","modified_gmt":"2022-12-20T12:37:35","slug":"la-mesa-contra-el-narcotrafico-apunta-a-un-abordaje-con-mirada-social","status":"publish","type":"post","link":"https:\/\/chacosintesis.com.ar\/index.php\/la-mesa-contra-el-narcotrafico-apunta-a-un-abordaje-con-mirada-social\/","title":{"rendered":"La Mesa contra el Narcotr\u00e1fico apunta a un abordaje con \u00abmirada social\u00bb"},"content":{"rendered":"<p>El gobernador Jorge Capitanich particip\u00f3 ayer de un nuevo encuentro de la Mesa de Lucha contra el Narcotr\u00e1fico.<br \/>\n En el sal\u00f3n Obligado de Casa de Gobierno, autoridades gubernamentales, miembros de las fuerzas de seguridad, y de la Justicia Federal realizaron una puesta en com\u00fan de las distintas estrategias vigentes para combatir este delito y avanzaron en su plan de trabajo en conjunto.<\/p>\n<p>Acompa\u00f1ado por el subsecretario de Planificaci\u00f3n, Seguridad y Justicia, Leandro \u00c1lvarez, el mandatario ratific\u00f3 que se trabaja a partir de un abordaje multidisciplinario \u00abcon el objetivo de mejorar la calidad de vida de los chaque\u00f1os y chaque\u00f1as, encontrando soluciones para esta problem\u00e1tica que causa distintos grados de violencia\u00bb.<\/p>\n<p>En tanto que \u00c1lvarez explic\u00f3 que, a trav\u00e9s de esta mesa de trabajo, se abord\u00f3 \u00abun plan de pol\u00edtica criminal de lucha contra el narcotr\u00e1fico, donde se plantean tres mesas distintas de macro, meso y micropol\u00edtica criminal y donde se buscan acciones preventivas, disuasivas y reactivas\u00bb.<\/p>\n<p>Durante el encuentro se analizaron actores, competencias en materia de narcotr\u00e1fico y un estado de situaci\u00f3n respecto a capacidad institucional (prisiones provinciales y unidades penitenciarias) para brindar respuestas. \u00abContinuaremos trabajando porque somos una de las pocas provincias que tiene este tipo de mesas de trabajo, donde podemos poner en com\u00fan cuestiones respecto a la lucha contra el narcotr\u00e1fico y narcomenudeo\u00bb, sentenci\u00f3 el funcionario.<\/p>\n<p> \u00abEn esta mesa, muchas de las cuestiones que trabajamos hacen al delito y tienen que ver con respuestas interinstitucionales, que no tienen que ver con el aparato penal, ni fuerzas federales de seguridad provinciales o federales, sino con \u00e1reas como el Ministerio de Salud, Desarrollo Social, Deporte y tenemos que buscar salidas alternativas, porque desde lo penal y lo que hacen las fuerzas de seguridad, es muy caro.<\/p>\n<p> Por eso, desde esta mesa propendemos este abordaje multidisciplinario y de esta forma, buscar dar respuestas a esta problem\u00e1tica\u00bb, enfatiz\u00f3 \u00c1lvarez. Participaron del encuentro el procurador adjunto del Chaco, Miguel Fonteina; la jueza Federal 1 de Resistencia, Zunilda Niremperger; el juez Federal del Tribunal Oral en lo Criminal Federal de Resistencia, Enrique Bosch; el titular del Juzgado 2 de Resistencia y subrogante del Juzgado Federal de Presidencia Roque S\u00e1enz Pe\u00f1a, Ricardo Mihanovich; y autoridades de las distintas fuerzas de Seguridad (Polic\u00eda del Chaco, Polic\u00eda de Seguridad Aeroportuaria, Gendarmer\u00eda, Polic\u00eda Federal Argentina y Polic\u00eda Naval).<\/p>\n<p>Bosch destac\u00f3 la importancia de la mesa, asegurando que \u00abhay est\u00e1ndares o par\u00e1metros que es bueno poder dialogarlos con la gente de las distintas fuerzas, en particular nosotros dentro del Sistema Federal tenemos un c\u00f3digo distinto, que establece reglas distintas\u00bb.<\/p>\n<p>\u00abEs importante charlar los par\u00e1metros y las pautas y tambi\u00e9n hacer an\u00e1lisis conjunto de cu\u00e1les son los principales ejes o las formas que entendemos que hay que abordar la problem\u00e1tica\u00bb, acot\u00f3.<\/p>\n<p> Por su parte, Niremperger rescat\u00f3 que \u00abestamos observando un avance bastante importante respecto a sustancias de todo tipo en la provincia. Queremos que este no sea un lugar amistoso para el narcotr\u00e1fico ni el microtr\u00e1fico\u00bb.<\/p>\n<p> Resaltando la actuaci\u00f3n de la Justicia Federal en \u00abcausas complejas\u00bb, la jueza puntualiz\u00f3 la relaci\u00f3n mediante el objetivo en com\u00fan, dado que existen expedientes relacionados al narcotr\u00e1fico y delitos relacionados.<\/p>\n<p>\u00abSe ha trabajado en cuanto a lo que se necesita para que este plan pueda ser real\u00bb, afirm\u00f3 apelando a la necesidad de criterios bien definidos por parte de la justicia federal y provincial \u00abpara no superponerse, dada la coexistencia de leyes\u00bb.<\/p>\n<p> \u00abHasta hoy hemos clarificado lo que est\u00e1 faltando y se ha establecido un plan pol\u00edtico criminal para avanzar, quiere dar respuestas a la sociedad que reclama un control y disuasi\u00f3n del material de estupefacientes\u00bb, ratific\u00f3 Niremperger, a la vez que apunt\u00f3 a que \u00abhay que disminuir las adicciones y la entrada del narcotr\u00e1fico\u00bb, manifestando el acuerdo arribado para trabajar de manera colaborativa.<br \/>\n DIARIO LA VOZ DEL CHACO.-<\/p>\n","protected":false},"excerpt":{"rendered":"<p>El gobernador Jorge Capitanich particip\u00f3 ayer de un nuevo encuentro de la Mesa de Lucha contra el Narcotr\u00e1fico. En el sal\u00f3n Obligado de Casa de Gobierno, autoridades gubernamentales, miembros de las fuerzas de seguridad, y de la Justicia Federal realizaron una puesta en com\u00fan de las distintas estrategias vigentes para combatir este delito y avanzaron [&hellip;]<\/p>\n","protected":false},"author":1,"featured_media":18034,"comment_status":"closed","ping_status":"closed","sticky":false,"template":"","format":"standard","meta":{"footnotes":""},"categories":[6],"tags":[],"class_list":{"0":"post-18033","1":"post","2":"type-post","3":"status-publish","4":"format-standard","5":"has-post-thumbnail","7":"category-chaco"},"_links":{"self":[{"href":"https:\/\/chacosintesis.com.ar\/index.php\/wp-json\/wp\/v2\/posts\/18033","targetHints":{"allow":["GET"]}}],"collection":[{"href":"https:\/\/chacosintesis.com.ar\/index.php\/wp-json\/wp\/v2\/posts"}],"about":[{"href":"https:\/\/chacosintesis.com.ar\/index.php\/wp-json\/wp\/v2\/types\/post"}],"author":[{"embeddable":true,"href":"https:\/\/chacosintesis.com.ar\/index.php\/wp-json\/wp\/v2\/users\/1"}],"replies":[{"embeddable":true,"href":"https:\/\/chacosintesis.com.ar\/index.php\/wp-json\/wp\/v2\/comments?post=18033"}],"version-history":[{"count":0,"href":"https:\/\/chacosintesis.com.ar\/index.php\/wp-json\/wp\/v2\/posts\/18033\/revisions"}],"wp:featuredmedia":[{"embeddable":true,"href":"https:\/\/chacosintesis.com.ar\/index.php\/wp-json\/wp\/v2\/media\/18034"}],"wp:attachment":[{"href":"https:\/\/chacosintesis.com.ar\/index.php\/wp-json\/wp\/v2\/media?parent=18033"}],"wp:term":[{"taxonomy":"category","embeddable":true,"href":"https:\/\/chacosintesis.com.ar\/index.php\/wp-json\/wp\/v2\/categories?post=18033"},{"taxonomy":"post_tag","embeddable":true,"href":"https:\/\/chacosintesis.com.ar\/index.php\/wp-json\/wp\/v2\/tags?post=18033"}],"curies":[{"name":"wp","href":"https:\/\/api.w.org\/{rel}","templated":true}]}}