{"id":18025,"date":"2022-12-19T21:59:17","date_gmt":"2022-12-20T00:59:17","guid":{"rendered":"https:\/\/chacosintesis.com.ar\/?p=18025"},"modified":"2022-12-19T22:07:27","modified_gmt":"2022-12-20T01:07:27","slug":"este-martes-20-en-el-chaco-las-actividades-seran-normales","status":"publish","type":"post","link":"https:\/\/chacosintesis.com.ar\/index.php\/este-martes-20-en-el-chaco-las-actividades-seran-normales\/","title":{"rendered":"Este martes 20, en el Chaco las actividades ser\u00e1n normales"},"content":{"rendered":"<p>La administraci\u00f3n p\u00fablica provincial trabajar\u00e1 normalmente durante la jornada de este martes 20. Si bien el gobierno nacional decret\u00f3 feriado nacional a ra\u00edz de los festejos populares por el triunfo del seleccionado argentino de f\u00fatbol que se consagr\u00f3 campe\u00f3n mundial en Qatar y realizar\u00e1 un recorrido desde Ezeiza hasta el Obelisco con los jugadores, en el Chaco \u201cse mantienen las actividades normalmente\u201d, confirmaron desde el Ejecutivo provincial a la Agencia FOCO. As\u00ed, todos los servicios funcionar\u00e1n con normalidad y con asistencia a los lugares de trabajo, incluyendo la atenci\u00f3n ofrecida por el Nuevo Banco del Chaco (NBCH).<br \/>\nEs decir, la provincia \u201cno adhiere a la medida nacional\u201d, m\u00e1s all\u00e1 que en las dependencias nacionales regir\u00e1 el Decreto presidencial. A trav\u00e9s del Decreto 842\/2022, el Presidente de la Naci\u00f3n, en acuerdo general de ministros, dispuso declarar &#8220;feriado nacional el d\u00eda 20 de diciembre de 2022 con el fin de que el pueblo argentino pueda festejar y compartir con la Selecci\u00f3n Masculina Argentina de F\u00fatbol el t\u00edtulo de Campeones Mundiales de F\u00fatbol obtenido en la Copa Mundial de la FIFA Catar 2022\u201d.<br \/>\nEn su art\u00edculo segundo, instruye a los distintos organismos para que implementen las medidas necesarias a efectos de mantener la continuidad de los servicios esenciales. \u201cExceptuase de lo dispuesto al personal de las instituciones bancarias y entidades financieras y de la Administraci\u00f3n Federal de Ingresos P\u00fablicos (AFIP), el que deber\u00e1 prestar servicios hasta las 12\u201d, concluye la normativa.<br \/>\nEl asueto del viernes 23<br \/>\nEn tanto, el pr\u00f3ximo viernes 23 de diciembre ser\u00e1 asueto en toda la provincia del Chaco, para todo el personal de la Administraci\u00f3n P\u00fablica, con motivo de la tradicional fiesta de Navidad, seg\u00fan decret\u00f3 el Poder Ejecutivo. Este instrumento alcanza tambi\u00e9n a otros subsectores del Estado como organismos aut\u00e1rquicos y\/o entes descentralizados y\/o empresas del Estado provincial.<\/p>\n","protected":false},"excerpt":{"rendered":"<p>La administraci\u00f3n p\u00fablica provincial trabajar\u00e1 normalmente durante la jornada de este martes 20. Si bien el gobierno nacional decret\u00f3 feriado nacional a ra\u00edz de los festejos populares por el triunfo del seleccionado argentino de f\u00fatbol que se consagr\u00f3 campe\u00f3n mundial en Qatar y realizar\u00e1 un recorrido desde Ezeiza hasta el Obelisco con los jugadores, en [&hellip;]<\/p>\n","protected":false},"author":1,"featured_media":18026,"comment_status":"closed","ping_status":"closed","sticky":false,"template":"","format":"standard","meta":{"footnotes":""},"categories":[6],"tags":[],"class_list":{"0":"post-18025","1":"post","2":"type-post","3":"status-publish","4":"format-standard","5":"has-post-thumbnail","7":"category-chaco"},"_links":{"self":[{"href":"https:\/\/chacosintesis.com.ar\/index.php\/wp-json\/wp\/v2\/posts\/18025","targetHints":{"allow":["GET"]}}],"collection":[{"href":"https:\/\/chacosintesis.com.ar\/index.php\/wp-json\/wp\/v2\/posts"}],"about":[{"href":"https:\/\/chacosintesis.com.ar\/index.php\/wp-json\/wp\/v2\/types\/post"}],"author":[{"embeddable":true,"href":"https:\/\/chacosintesis.com.ar\/index.php\/wp-json\/wp\/v2\/users\/1"}],"replies":[{"embeddable":true,"href":"https:\/\/chacosintesis.com.ar\/index.php\/wp-json\/wp\/v2\/comments?post=18025"}],"version-history":[{"count":0,"href":"https:\/\/chacosintesis.com.ar\/index.php\/wp-json\/wp\/v2\/posts\/18025\/revisions"}],"wp:featuredmedia":[{"embeddable":true,"href":"https:\/\/chacosintesis.com.ar\/index.php\/wp-json\/wp\/v2\/media\/18026"}],"wp:attachment":[{"href":"https:\/\/chacosintesis.com.ar\/index.php\/wp-json\/wp\/v2\/media?parent=18025"}],"wp:term":[{"taxonomy":"category","embeddable":true,"href":"https:\/\/chacosintesis.com.ar\/index.php\/wp-json\/wp\/v2\/categories?post=18025"},{"taxonomy":"post_tag","embeddable":true,"href":"https:\/\/chacosintesis.com.ar\/index.php\/wp-json\/wp\/v2\/tags?post=18025"}],"curies":[{"name":"wp","href":"https:\/\/api.w.org\/{rel}","templated":true}]}}