{"id":18023,"date":"2022-12-19T12:15:31","date_gmt":"2022-12-19T15:15:31","guid":{"rendered":"https:\/\/chacosintesis.com.ar\/?p=18023"},"modified":"2022-12-19T12:37:24","modified_gmt":"2022-12-19T15:37:24","slug":"asumio-el-nuevo-jefe-del-escuadron-no-51-de-gendarmeria-nacional","status":"publish","type":"post","link":"https:\/\/chacosintesis.com.ar\/index.php\/asumio-el-nuevo-jefe-del-escuadron-no-51-de-gendarmeria-nacional\/","title":{"rendered":"Asumi\u00f3 el nuevo jefe del Escuadr\u00f3n N\u00ba 51 de Gendarmer\u00eda Nacional"},"content":{"rendered":"<p>El gobernador Jorge Capitanich particip\u00f3 de la ceremonia del cambio de Jefatura del Escuadr\u00f3n N\u00ba 51 de Gendarmer\u00eda Nacional en la ciudad de Fontana la cual estar\u00e1 en manos de Sergio Daniel Mencia. El mandatario, quien estuvo acompa\u00f1ado de autoridades provinciales, municipales y de la Justicia Federal, agradeci\u00f3 a Mario Tom\u00e1s Soto, el jefe saliente, \u201cpor su entrega y su trabajo realizado a lo largo de este tiempo\u201d.<br \/>\nCapitanich detall\u00f3 que, de acuerdo a la evoluci\u00f3n del personal de Gendarmer\u00eda Nacional, es posible contar ya en el transcurso del mes de enero de 2023 con 800 gendarmes dentro de los procesos de traslado que hay y con una perspectiva de llegar a cerca de 1.000 agentes en la provincia. \u201cEsto es importante porque en el a\u00f1o 2000 Chaco ten\u00eda no m\u00e1s de 150 a 180 hombres y mujeres\u201d, explic\u00f3.<br \/>\nEl gobernador mencion\u00f3 que el n\u00famero total de agentes de seguridad p\u00fablica, entre fuerzas nacionales y provinciales, equivale a cerca de 10.000 personas que tienen la misi\u00f3n de custodiar la vida, el patrimonio, el honor y la libertad de cada uno de los chaque\u00f1os y chaque\u00f1as.<br \/>\n\u201cTrabajamos todos los d\u00edas para fomentar con acciones concretas el refuerzo integral de nuestras fuerzas de seguridad con el compromiso de garantizar el bienestar de todas y todos\u201d, asever\u00f3 el gobernador.<\/p>\n","protected":false},"excerpt":{"rendered":"<p>El gobernador Jorge Capitanich particip\u00f3 de la ceremonia del cambio de Jefatura del Escuadr\u00f3n N\u00ba 51 de Gendarmer\u00eda Nacional en la ciudad de Fontana la cual estar\u00e1 en manos de Sergio Daniel Mencia. El mandatario, quien estuvo acompa\u00f1ado de autoridades provinciales, municipales y de la Justicia Federal, agradeci\u00f3 a Mario Tom\u00e1s Soto, el jefe saliente, [&hellip;]<\/p>\n","protected":false},"author":1,"featured_media":18024,"comment_status":"closed","ping_status":"closed","sticky":false,"template":"","format":"standard","meta":{"footnotes":""},"categories":[6],"tags":[],"class_list":{"0":"post-18023","1":"post","2":"type-post","3":"status-publish","4":"format-standard","5":"has-post-thumbnail","7":"category-chaco"},"_links":{"self":[{"href":"https:\/\/chacosintesis.com.ar\/index.php\/wp-json\/wp\/v2\/posts\/18023","targetHints":{"allow":["GET"]}}],"collection":[{"href":"https:\/\/chacosintesis.com.ar\/index.php\/wp-json\/wp\/v2\/posts"}],"about":[{"href":"https:\/\/chacosintesis.com.ar\/index.php\/wp-json\/wp\/v2\/types\/post"}],"author":[{"embeddable":true,"href":"https:\/\/chacosintesis.com.ar\/index.php\/wp-json\/wp\/v2\/users\/1"}],"replies":[{"embeddable":true,"href":"https:\/\/chacosintesis.com.ar\/index.php\/wp-json\/wp\/v2\/comments?post=18023"}],"version-history":[{"count":0,"href":"https:\/\/chacosintesis.com.ar\/index.php\/wp-json\/wp\/v2\/posts\/18023\/revisions"}],"wp:featuredmedia":[{"embeddable":true,"href":"https:\/\/chacosintesis.com.ar\/index.php\/wp-json\/wp\/v2\/media\/18024"}],"wp:attachment":[{"href":"https:\/\/chacosintesis.com.ar\/index.php\/wp-json\/wp\/v2\/media?parent=18023"}],"wp:term":[{"taxonomy":"category","embeddable":true,"href":"https:\/\/chacosintesis.com.ar\/index.php\/wp-json\/wp\/v2\/categories?post=18023"},{"taxonomy":"post_tag","embeddable":true,"href":"https:\/\/chacosintesis.com.ar\/index.php\/wp-json\/wp\/v2\/tags?post=18023"}],"curies":[{"name":"wp","href":"https:\/\/api.w.org\/{rel}","templated":true}]}}