{"id":18019,"date":"2022-12-19T09:00:48","date_gmt":"2022-12-19T12:00:48","guid":{"rendered":"https:\/\/chacosintesis.com.ar\/?p=18019"},"modified":"2022-12-19T09:07:02","modified_gmt":"2022-12-19T12:07:02","slug":"convergencia-social-despidio-el-ano-y-reafirmo-el-apoyo-a-juan-carlos-polini-de-cara-al-2023","status":"publish","type":"post","link":"https:\/\/chacosintesis.com.ar\/index.php\/convergencia-social-despidio-el-ano-y-reafirmo-el-apoyo-a-juan-carlos-polini-de-cara-al-2023\/","title":{"rendered":"Convergencia Social despidi\u00f3 el a\u00f1o y reafirm\u00f3 el apoyo a Juan Carlos Polini de cara al 2023"},"content":{"rendered":"<p>Organizado por la Juventud Radical de Convergencia Social, y con la presencia del presidente de ese movimiento, el ex gobernador de la provincia Angel Rozas, el diputado nacional y precandidato a gobernador del Chaco Juan Carlos Polini, la vicepresidente de la UCR provincial e intendente de Pampa del Infierno Glenda Seifert, autoridades e integrantes de la Juventud Radical del Chaco y de Convergencia Social, legisladores provinciales, nacionales, intendentes,  concejales y militantes de los diferentes comit\u00e9s de circuito, se realiz\u00f3 una cena de camarader\u00eda con el fin de celebrar el cierre de un a\u00f1o de intenso trabajo y renovar compromisos frente a los desaf\u00edos electorales del 2023.<br \/>\nDando comienzo a la velada, el presidente de la Juventud Radical del Chaco Oscar \u201cTatino\u201d Enr\u00edquez junto a la presidente de la Juventud Radical de Convergencia Social de Resistencia Bel\u00e9n Quijano agradecieron la colaboraci\u00f3n y el esfuerzo de quienes hicieron posible el encuentro \u201cEs muy lindo ver a la familia reunida luego de un a\u00f1o de mucho trabajo, de mucha militancia, de estar al visitando, escuchando y dando respuestas a quienes necesitan una mano amiga en este dif\u00edcil momento que estamos atravesando, ese fue, es y ser\u00e1 el esp\u00edritu de Convergencia Social, la solidaridad, el estar en los momentos dif\u00edciles cuando nadie m\u00e1s est\u00e1, esa esencia es la que nos llev\u00f3 a gobernar el Chaco 12 a\u00f1os, gestiones que nos enorgullecen, al d\u00eda de hoy ning\u00fan gobierno fue capaz de realizar las transformaciones que logramos, recuperamos las dignidad y la libertad de los chaque\u00f1os, ese es el desaf\u00edo para el 2023\u201d<br \/>\nGlenda Seifert: \u201cNecesitamos un gobernador con coraz\u00f3n, se llama Juan Carlos Polini\u201d<br \/>\nLa vicepresidente de la UCR provincial e intendente de Pampa del Infierno, Glenda Seifert felicit\u00f3 a los j\u00f3venes por la organizaci\u00f3n \u201cNos tocar\u00e1 un a\u00f1o de mucho trabajo y compromiso pero tambi\u00e9n de triunfos, hablemos con los vecinos dici\u00e9ndoles que con Juan Carlos Polini tendremos un gobernador que va a pensar en todos como fue Angel Rozas, desde que dej\u00f3 su gobierno no se construy\u00f3 una sola vivienda social en el Chaco,  no hubo m\u00e1s residencias estudiantiles gratuitas para los j\u00f3venes de las familias m\u00e1s necesitadas que deben tener la misma oportunidad de poder estudiar que cualquier otra persona, digamos #NOALFRAUDE, necesitamos un gobernador con coraz\u00f3n, que nos garantice luz, agua, seguridad, salud y educaci\u00f3n de calidad, orden, y esa persona es Juan Carlos Polini\u201d<br \/>\nRozas: \u201cEn Chaco sobra la plata pero falta honradez\u201d<br \/>\nEl ex gobernador de la provincia y presidente de Convergencia Social UCR, Angel Rozas agradeci\u00f3 el trabajo y esfuerzo de los j\u00f3venes organizadores \u201cPor todo esto sigo creyendo que la militancia, los principios, el compromiso y los valores siguen teniendo un valor incalculable en todos los aspectos de la vida, si la pol\u00edtica fuera \u00fanicamente la billetera no habr\u00eda cambios posibles, la pol\u00edtica no es lineal, hay que generar, frente a los que ofrecen el dinero de todos nosotros, la esperanza e ilusi\u00f3n de un cambio de vida, con dignidad, honor, quienes creen y tratan a los pobres como si no tuviesen dignidad y honor cometen un grave error, todas las personas quieren vivir mejor\u201d<br \/>\n\u201cHay inversi\u00f3n p\u00fablica en el Chaco, se hacen hospitales, pero adentro no hay ni paracetamol, se hacen escuelas pero los docentes hacen dedo porque el sueldo no le alcanza, se hacen comisar\u00edas pero los polic\u00edas no tienen los elementos necesarios para combatir el delito que cada d\u00eda es m\u00e1s complejo, esto hay que explicarle a los vecinos,  Chaco es la cuarta provincia en recibir mayor coparticipaci\u00f3n y la m\u00e1s favorecida en obra p\u00fablica y sin embargo somos la capital nacional de la pobreza, eso pasa porque en el Chaco sobra la plata pero falta honradez, prioridades, orden\u201d<br \/>\nFinalmente se\u00f1al\u00f3 \u201cTodas las encuestas marcan que m\u00e1s del 60% de los chaque\u00f1os quieren un cambio, Chaco necesita un gobernador que escuche sienta y resuelva,  ese hombre se llama Juan Carlos Polini, y vamos a ganar las elecciones no solo para que el radicalismo como parte de una gran coalici\u00f3n vuelva a gobernar la provincia, sino para  que nuestros hermanos chaque\u00f1os, todos,  sean del partido que sean tengan un gobierno que escuche,, que atienda, que resuelva, estamos frente a una nueva oportunidad de vivir mejor\u201d<br \/>\nPolini: \u201cLa honestidad no es incompatible con la pol\u00edtica\u201d<br \/>\nEl diputado nacional y precandidato a gobernador del Chaco, Juan Carlos Polini, se\u00f1al\u00f3 \u201cEn alg\u00fan momento de mi vida sent\u00ed la necesidad de hacer algo m\u00e1s para demostrar que la pol\u00edtica es una acci\u00f3n de servicio, que la honestidad no es incompatible con la pol\u00edtica, se puede hacer pol\u00edtica con honradez y transparencia, y as\u00ed recuperamos la intendencia de Coronel Du Graty\u201d<br \/>\n\u201cFuimos el primer municipio en hacer viviendas sociales para las familias mas necesitadas, cosa que el gobierno no hace teniendo el dinero que tiene, ahora anuncian la refacci\u00f3n el hospital de Du Graty con un presupuesto de $187 millones, espero que adentro tenga los profesionales que necesitan los dugratenses, equipamiento, tecnolog\u00eda, medicamentos, que la Municipalidad no tenga que comprar el ox\u00edgeno para salvarle la vida a las personas, o las placas para las radiograf\u00edas, espero que el municipio no tenga que poner combustible a la ambulancia para hacer los traslados, de esto se tata, de invertir con sentido social, priorizando\u201d<br \/>\n\u201cHay que pensar tambi\u00e9n en el comerciante, el industrial, las Pymes, el emprendedor, en la gente del campo, en el servidor p\u00fablico, en los j\u00f3venes, que sientan que el esfuerzo por estudiar y capacitarse les va a servir para porque habr\u00e1 un gobierno que va pensar en ellos generando las oportunidades que hoy no tienen y deben buscar afuera, la ayuda social no es regalar, est\u00e1n equivocados, no puede haber acci\u00f3n social solo para un grupo de piqueteros que se enriquecieron desde el Estado aprovechando la genuina necesidad de la gente,  todo esto va a cambiar en el Chaco a partir del 17 de septiembre del 2023\u201d<\/p>\n","protected":false},"excerpt":{"rendered":"<p>Organizado por la Juventud Radical de Convergencia Social, y con la presencia del presidente de ese movimiento, el ex gobernador de la provincia Angel Rozas, el diputado nacional y precandidato a gobernador del Chaco Juan Carlos Polini, la vicepresidente de la UCR provincial e intendente de Pampa del Infierno Glenda Seifert, autoridades e integrantes de [&hellip;]<\/p>\n","protected":false},"author":1,"featured_media":18020,"comment_status":"closed","ping_status":"closed","sticky":false,"template":"","format":"standard","meta":{"footnotes":""},"categories":[6],"tags":[],"class_list":{"0":"post-18019","1":"post","2":"type-post","3":"status-publish","4":"format-standard","5":"has-post-thumbnail","7":"category-chaco"},"_links":{"self":[{"href":"https:\/\/chacosintesis.com.ar\/index.php\/wp-json\/wp\/v2\/posts\/18019","targetHints":{"allow":["GET"]}}],"collection":[{"href":"https:\/\/chacosintesis.com.ar\/index.php\/wp-json\/wp\/v2\/posts"}],"about":[{"href":"https:\/\/chacosintesis.com.ar\/index.php\/wp-json\/wp\/v2\/types\/post"}],"author":[{"embeddable":true,"href":"https:\/\/chacosintesis.com.ar\/index.php\/wp-json\/wp\/v2\/users\/1"}],"replies":[{"embeddable":true,"href":"https:\/\/chacosintesis.com.ar\/index.php\/wp-json\/wp\/v2\/comments?post=18019"}],"version-history":[{"count":0,"href":"https:\/\/chacosintesis.com.ar\/index.php\/wp-json\/wp\/v2\/posts\/18019\/revisions"}],"wp:featuredmedia":[{"embeddable":true,"href":"https:\/\/chacosintesis.com.ar\/index.php\/wp-json\/wp\/v2\/media\/18020"}],"wp:attachment":[{"href":"https:\/\/chacosintesis.com.ar\/index.php\/wp-json\/wp\/v2\/media?parent=18019"}],"wp:term":[{"taxonomy":"category","embeddable":true,"href":"https:\/\/chacosintesis.com.ar\/index.php\/wp-json\/wp\/v2\/categories?post=18019"},{"taxonomy":"post_tag","embeddable":true,"href":"https:\/\/chacosintesis.com.ar\/index.php\/wp-json\/wp\/v2\/tags?post=18019"}],"curies":[{"name":"wp","href":"https:\/\/api.w.org\/{rel}","templated":true}]}}