{"id":18017,"date":"2022-12-19T08:46:43","date_gmt":"2022-12-19T11:46:43","guid":{"rendered":"https:\/\/chacosintesis.com.ar\/?p=18017"},"modified":"2022-12-19T09:07:01","modified_gmt":"2022-12-19T12:07:01","slug":"anticipan-otro-verano-con-sequia-y-temperaturas-extremas","status":"publish","type":"post","link":"https:\/\/chacosintesis.com.ar\/index.php\/anticipan-otro-verano-con-sequia-y-temperaturas-extremas\/","title":{"rendered":"Anticipan otro verano con sequ\u00eda y temperaturas extremas"},"content":{"rendered":"<p>Entrando a la recta final del a\u00f1o, y a tres d\u00edas del inicio del verano, el meteor\u00f3logo Luis Romero anticip\u00f3 las previsiones clim\u00e1ticas para la temporada estival. \u00abSabemos que el escenario de verano viene acompa\u00f1ado con pocas precipitaciones en esta parte del pa\u00eds, con temperaturas que van a ser normales o por encima de lo normal, en principio la sequ\u00eda continuar\u00eda hasta finales del verano\u00bb, sostuvo en su columna semanal por Radio Nacional Resistencia.<\/p>\n<p>En este escenario, el especialista se\u00f1al\u00f3 que comenzaron a producirse algunos focos de incendios importantes, \u00abde seis a siete focos se registraron ayer en Corrientes, algunos en la cuenca del Iber\u00e1 y hay que estar atentos a este escenario de verano que va a ser bastante complejo en terreno clim\u00e1tico\u00bb, adelant\u00f3.<\/p>\n<p>Esto a pesar de haber finalizado \u00abla ola de calor que afect\u00f3 a gran parte del pa\u00eds, Resistencia tuvo tres d\u00edas con ola de calor y el NEA fue en general la zona menos impactada, porque el grueso de los efectos o la mayor cantidad de d\u00edas de la ola de calor se mantuvo principalmente en toda la regi\u00f3n del centro de la Rep\u00fablica Argentina\u00bb, dimension\u00f3.<\/p>\n<p> Teniendo esta \u00faltima situaci\u00f3n como muestra, Romero asegur\u00f3 que \u00ablas condiciones de este verano van a ser similares al verano 2022 que sabemos que fue bastante extremo en la provincia y en gran parte de Argentina\u00bb, record\u00f3.<br \/>\n Qu\u00e9 depara el clima de 2023 El especialista fue mucho m\u00e1s all\u00e1 de la temporada y sostuvo: \u00abLa perspectiva que se empieza a manifestar en algunos modelos clim\u00e1ticos que en principio la ni\u00f1a comenzar\u00eda a debilitarse en verano,y pasar\u00edamos a una instancia neutra en oto\u00f1o e invierno, quiere decir en condiciones normales sin fen\u00f3meno de ni\u00f1o o ni\u00f1a y despu\u00e9s en la primavera comienza a manifestarse una intenci\u00f3n de regreso del ni\u00f1o, que para esta parte del pa\u00eds se traduce en lluvia por encima de lo normal, que en general est\u00e1 asociado a inundaciones\u00bb, anticip\u00f3 lo que le depara al clima para 2023. No obstante, aclar\u00f3 que \u00abes una lectura que puede cambiar mucho en los pr\u00f3ximos meses o semanas, porque el sistema clim\u00e1tico evoluciona mucho, es muy cambiante, por ahora tenemos esta primera lectura\u00bb.<\/p>\n<p> Gesti\u00f3n integral del riesgo Ante las perspectivas de la continuidad de la sequ\u00eda y de temperaturas extremas nuevamente este verano, la aparici\u00f3n de incendios forestales es solo cuesti\u00f3n de tiempo. Atento a esto, Romero record\u00f3 que \u00abtodos los eventos de incendios que se fueron registrando, los de Corrientes, los que se dieron en la provincia, en la zona del Delta, en C\u00f3rdoba, en incendios que se est\u00e1n dando en Ushuaia, en Tierra del Fuego, creo que la lecci\u00f3n que nos dej\u00f3 la cat\u00e1strofe de la regi\u00f3n nuestra, de la de 2022 de Corrientes es que empezamos a darle m\u00e1s relevancia a los alertas e informes que los distintos especialistas llevan adelante y que normalmente siempre estamos poniendo en relevancia, m\u00e1s all\u00e1 que en otros momentos era informaci\u00f3n que pasaba desapercibida y hoy claramente ya no, porque uno aprende con la experiencia y estamos avanzando un poco m\u00e1s como sociedad\u00bb, indic\u00f3. Sin embargo, reconoci\u00f3 que \u00abnos falta mucho en t\u00e9rminos de prepararnos para las emergencias, y nos falta mucho como regi\u00f3n trabajar la gesti\u00f3n integral del riesgo que no es solamente atender la emergencia\u00bb, afirm\u00f3.<\/p>\n<p> M\u00e1s adelante detall\u00f3 que \u00abesto tiene que ver con que hay que pensar estrategias, planificar acciones y contingencias durante las tres etapas, que es el antes, durante y despu\u00e9s, eso tiene que empezar a trabajarse y consolidarse en la regi\u00f3n porque es lo que muchas veces permiten mitigar los impactos y los efectos, sobre todo las p\u00e9rdidas y da\u00f1os que generan estos eventos\u00bb, asegur\u00f3 y enumer\u00f3 que \u00abno solo se traducen en da\u00f1os al ambiente, sino que tambi\u00e9n afecta la calidad de vida de las personas, la actividad econ\u00f3mica, a las ciudades, son eventos de alto impacto\u00bb, resalt\u00f3. \u00abY sobre todo tener en claro que estamos viviendo un momento de la historia donde el clima est\u00e1 cambiando y estamos bajo un clima cada vez m\u00e1s extremo\u00bb, indic\u00f3.<\/p>\n<p>Para cerrar, Romero asever\u00f3 que \u00abesto requiere de pol\u00edticas p\u00fablicas, de inversi\u00f3n de financiamiento, recursos humanos calificados y preparados, un trabajo log\u00edstico y territorial que llegue a los m\u00faltiples actores de los territorios, es un esquema bastante amplio y complejo que deber\u00eda tener una verdadera gesti\u00f3n integral del riesgo. Y m\u00e1s en nuestro territorio donde tenemos una importante superficie, donde no es f\u00e1cil llegar\u00bb, finaliz\u00f3.<\/p>\n<p>LA VOZ DEL CHACO.-<\/p>\n","protected":false},"excerpt":{"rendered":"<p>Entrando a la recta final del a\u00f1o, y a tres d\u00edas del inicio del verano, el meteor\u00f3logo Luis Romero anticip\u00f3 las previsiones clim\u00e1ticas para la temporada estival. \u00abSabemos que el escenario de verano viene acompa\u00f1ado con pocas precipitaciones en esta parte del pa\u00eds, con temperaturas que van a ser normales o por encima de lo [&hellip;]<\/p>\n","protected":false},"author":1,"featured_media":18018,"comment_status":"closed","ping_status":"closed","sticky":false,"template":"","format":"standard","meta":{"footnotes":""},"categories":[6],"tags":[],"class_list":{"0":"post-18017","1":"post","2":"type-post","3":"status-publish","4":"format-standard","5":"has-post-thumbnail","7":"category-chaco"},"_links":{"self":[{"href":"https:\/\/chacosintesis.com.ar\/index.php\/wp-json\/wp\/v2\/posts\/18017","targetHints":{"allow":["GET"]}}],"collection":[{"href":"https:\/\/chacosintesis.com.ar\/index.php\/wp-json\/wp\/v2\/posts"}],"about":[{"href":"https:\/\/chacosintesis.com.ar\/index.php\/wp-json\/wp\/v2\/types\/post"}],"author":[{"embeddable":true,"href":"https:\/\/chacosintesis.com.ar\/index.php\/wp-json\/wp\/v2\/users\/1"}],"replies":[{"embeddable":true,"href":"https:\/\/chacosintesis.com.ar\/index.php\/wp-json\/wp\/v2\/comments?post=18017"}],"version-history":[{"count":0,"href":"https:\/\/chacosintesis.com.ar\/index.php\/wp-json\/wp\/v2\/posts\/18017\/revisions"}],"wp:featuredmedia":[{"embeddable":true,"href":"https:\/\/chacosintesis.com.ar\/index.php\/wp-json\/wp\/v2\/media\/18018"}],"wp:attachment":[{"href":"https:\/\/chacosintesis.com.ar\/index.php\/wp-json\/wp\/v2\/media?parent=18017"}],"wp:term":[{"taxonomy":"category","embeddable":true,"href":"https:\/\/chacosintesis.com.ar\/index.php\/wp-json\/wp\/v2\/categories?post=18017"},{"taxonomy":"post_tag","embeddable":true,"href":"https:\/\/chacosintesis.com.ar\/index.php\/wp-json\/wp\/v2\/tags?post=18017"}],"curies":[{"name":"wp","href":"https:\/\/api.w.org\/{rel}","templated":true}]}}