{"id":18005,"date":"2022-12-16T13:00:19","date_gmt":"2022-12-16T16:00:19","guid":{"rendered":"https:\/\/chacosintesis.com.ar\/?p=18005"},"modified":"2022-12-16T13:07:26","modified_gmt":"2022-12-16T16:07:26","slug":"el-gobierno-pagara-el-lunes-el-bono-de-20-000","status":"publish","type":"post","link":"https:\/\/chacosintesis.com.ar\/index.php\/el-gobierno-pagara-el-lunes-el-bono-de-20-000\/","title":{"rendered":"El Gobierno pagar\u00e1 el lunes el Bono de $20.000"},"content":{"rendered":"<p>El Ministerio de Planificaci\u00f3n, Econom\u00eda e Infraestructura informa que este lunes se pagar\u00e1 el bono de $20.000 tanto a las y los jubilados, como a las y los trabajadores activos, becarios que presten servicio y jornalizados. As\u00ed contin\u00faa  el cronograma que se inicia este viernes con el pago del Refrigerio.<br \/>\n\u201cEl bono implica una inversi\u00f3n de $2.800 millones, que alcanzar\u00e1 a 40 mil jubiladas y jubilados, m\u00e1s de 9.000 beneficiarias y beneficiarios de becas con contraprestaci\u00f3n laboral y jornalizados y m\u00e1s de 85.000 empleadas y empleados p\u00fablicos\u201d, precis\u00f3  ministro de Planificaci\u00f3n, Econom\u00eda e Infraestructura, Santiago P\u00e9rez Pons.<br \/>\nSe trata de un paquete medidas econ\u00f3micas anunciado recientemente, que adem\u00e1s incluye aguinaldo, salarios y el regreso de Superd\u00edas de descuento, implicando una inversi\u00f3n de 30 mil millones de pesos que se volcar\u00e1 a la econom\u00eda chaque\u00f1a. \u201cSabemos de los costos adicionales que las familias deben afrontar en esta \u00e9poca y adem\u00e1s que se traducir\u00e1n en compras que impactar\u00e1n positivamente en todo el sector comercial chaque\u00f1o\u201d, explic\u00f3 el ministro.<br \/>\n\u201cQueremos cuidar el bolsillo de las y los trabajadores; son medidas extraordinarias para fortalecer sus ingresos para que pasen de la mejor manera las fiestas de fin de a\u00f1o\u201d, agreg\u00f3 y ratific\u00f3 como pol\u00edtica de Estado el pago de salario antes de fin de mes, para llevar certidumbre y previsibilidad a todas y todos.<br \/>\nSeg\u00fan el cronograma el pr\u00f3ximo lunes est\u00e1 previsto el pago de un bono de $20.000, por \u00fanica vez, destinado a las y los trabajadores activos y pasivos de la administraci\u00f3n p\u00fablica, becarios con contraprestaci\u00f3n laboral, polic\u00edas, personal de salud, de educaci\u00f3n y de organismos descentralizados.<br \/>\nLuego, el mi\u00e9rcoles 21 llegar\u00e1 el turno del pago del Sueldo Anual Complementario (SAC) iniciando con las y los jubilados, mientras que el jueves 22 cobrar\u00e1n las y los trabajadores activos de la Administraci\u00f3n P\u00fablica Central. Una semana despu\u00e9s, se pagar\u00e1n los salarios. Primero, como es habitual, percibir\u00e1n sus haberes las y los jubilados el pr\u00f3ximo mi\u00e9rcoles 28 de diciembre. Un d\u00eda despu\u00e9s, el jueves 29 lo har\u00e1 personal activo.<br \/>\n\u201cLa pol\u00edtica salarial definida por la gesti\u00f3n Capitanich apunta a que el salario le gane a la inflaci\u00f3n, objetivo que se viene cumpliendo al tener las cuentas p\u00fablicas ordenadas y equilibradas, entre otras cosas, por un eficiente manejo de la hacienda y por la exitosa refinanciaci\u00f3n de la deuda p\u00fablica en d\u00f3lares\u201d, precis\u00f3 el P\u00e9rez Pons.<\/p>\n","protected":false},"excerpt":{"rendered":"<p>El Ministerio de Planificaci\u00f3n, Econom\u00eda e Infraestructura informa que este lunes se pagar\u00e1 el bono de $20.000 tanto a las y los jubilados, como a las y los trabajadores activos, becarios que presten servicio y jornalizados. As\u00ed contin\u00faa el cronograma que se inicia este viernes con el pago del Refrigerio. \u201cEl bono implica una inversi\u00f3n [&hellip;]<\/p>\n","protected":false},"author":1,"featured_media":18006,"comment_status":"closed","ping_status":"closed","sticky":false,"template":"","format":"standard","meta":{"footnotes":""},"categories":[6],"tags":[],"class_list":{"0":"post-18005","1":"post","2":"type-post","3":"status-publish","4":"format-standard","5":"has-post-thumbnail","7":"category-chaco"},"_links":{"self":[{"href":"https:\/\/chacosintesis.com.ar\/index.php\/wp-json\/wp\/v2\/posts\/18005","targetHints":{"allow":["GET"]}}],"collection":[{"href":"https:\/\/chacosintesis.com.ar\/index.php\/wp-json\/wp\/v2\/posts"}],"about":[{"href":"https:\/\/chacosintesis.com.ar\/index.php\/wp-json\/wp\/v2\/types\/post"}],"author":[{"embeddable":true,"href":"https:\/\/chacosintesis.com.ar\/index.php\/wp-json\/wp\/v2\/users\/1"}],"replies":[{"embeddable":true,"href":"https:\/\/chacosintesis.com.ar\/index.php\/wp-json\/wp\/v2\/comments?post=18005"}],"version-history":[{"count":0,"href":"https:\/\/chacosintesis.com.ar\/index.php\/wp-json\/wp\/v2\/posts\/18005\/revisions"}],"wp:featuredmedia":[{"embeddable":true,"href":"https:\/\/chacosintesis.com.ar\/index.php\/wp-json\/wp\/v2\/media\/18006"}],"wp:attachment":[{"href":"https:\/\/chacosintesis.com.ar\/index.php\/wp-json\/wp\/v2\/media?parent=18005"}],"wp:term":[{"taxonomy":"category","embeddable":true,"href":"https:\/\/chacosintesis.com.ar\/index.php\/wp-json\/wp\/v2\/categories?post=18005"},{"taxonomy":"post_tag","embeddable":true,"href":"https:\/\/chacosintesis.com.ar\/index.php\/wp-json\/wp\/v2\/tags?post=18005"}],"curies":[{"name":"wp","href":"https:\/\/api.w.org\/{rel}","templated":true}]}}