{"id":18003,"date":"2022-12-16T12:57:29","date_gmt":"2022-12-16T15:57:29","guid":{"rendered":"https:\/\/chacosintesis.com.ar\/?p=18003"},"modified":"2022-12-16T13:07:25","modified_gmt":"2022-12-16T16:07:25","slug":"live-from-the-field-4","status":"publish","type":"post","link":"https:\/\/chacosintesis.com.ar\/index.php\/live-from-the-field-4\/","title":{"rendered":"Live From The Field"},"content":{"rendered":"<p>Tras lo sucedido en la sesi\u00f3n del pasado mi\u00e9rcoles 7 de diciembre, diputados de la UCR integrantes de la Comisi\u00f3n de Asuntos Constitucionales de la Legislatura provincial encabezados por su presidente, el diputado Gustavo Corradi, informaron sobre la presentaci\u00f3n, ante el Superior Tribunal de Justicia,  de una acci\u00f3n de amparo y medida cautelar solicitando la nulidad absoluta y\/o inconstitucionalidad del procedimiento irregular, ilegal y arbitrario por el cual el frente oficialista modific\u00f3 la composici\u00f3n de miembros de la mencionada comisi\u00f3n y dio por aprobadas las Leyes que suspenden las elecciones PASO e implementa el sistema de colectoras bajo los n\u00fameros 3745-Q y 3746-Q.<br \/>\nTambi\u00e9n se adelant\u00f3 que se ha presentado ante el Superior Tribunal  un recurso solicitando la nulidad de la convocatoria a elecciones realizada por el gobernador mediante Decreto 3087\/22. Las presentaciones judiciales llevan las firmas de los diputados Gustavo Corradi, Livio Guti\u00e9rrez, Sebasti\u00e1n Lazzarini, Silvina Canteros Reiser, Doris Arkwright, Alejandro Aradas y Dar\u00edo Bacileff Ivanoff en representaci\u00f3n del Bloque Frente Integrador.<br \/>\nEstuvieron presentes el presidente del bloque de diputados de la UCR, Carim Peche, diputado nacional y titular de la UCR del Chaco, Juan Carlos Polini y el  letrado patrocinante Dr. Carlos Guido Leunda<br \/>\nCorradi: \u201cTodo lo actuado de nulidad absoluta\u201d<br \/>\nEl titular de la Comisi\u00f3n de Asuntos Constitucionales Gustavo Corradi inform\u00f3 sobre las presentaciones efectuadas \u201cRecurrimos ante el Superior Tribunal de Justicia porque hay antecedente jur\u00eddico,  ya hubo una intenci\u00f3n por parte del oficialismo en 2019 de hacer exactamente lo mismo, modificar la composici\u00f3n de la comisi\u00f3n para poder sacar leyes electorales, y en esa oportunidad la c\u00e1mara contencioso administrativa a dictamin\u00f3 un fallo ejemplar y la acci\u00f3n fue declarada nula, la legislatura apel\u00f3 tal decisi\u00f3n y all\u00ed fue donde el Superior Tribunal de Justicia desestim\u00f3 y ratific\u00f3 la nulidad de todo lo actuado\u201d<br \/>\n\u201cTenemos elementos para comprobar ante el STJ que ha ocurrido un hecho similar el pasado 7 de diciembre donde de manera irregular, ilegal y arbitraria se dio ingreso a una Resoluci\u00f3n desconocida, sobre la cual nunca se inform\u00f3 y no figuraba el en el orden del d\u00eda,  y se dio por aprobada sin contar con los votos necesarios,  solicitamos a viva voz se nos informe sobre esa Resoluci\u00f3n y se nos neg\u00f3 sistem\u00e1ticamente la palabra,  seguidamente se convoc\u00f3 a una supuesta reuni\u00f3n extraordinaria de la Comisi\u00f3n de Asuntos Constitucionales en el mismo momento y en forma paralela al desarrollo de la Sesi\u00f3n Ordinaria de la Legislatura cuando se estaba tratando el proyecto de Presupuesto General de la Provincia, en forma totalmente oculta y sin notificaci\u00f3n o citaci\u00f3n a los miembros de la oposici\u00f3n que integramos la comisi\u00f3n, ampliaron la conformaci\u00f3n incorporando nuevos integrantes desconocidos hasta el d\u00eda de hoy y emitieron despacho sobre las dos leyes mencionadas, suspensi\u00f3n de PASO e implementaci\u00f3n de colectoras que tambi\u00e9n se dieron por aprobadas de manera irregular, emitir un despacho sin la notificaci\u00f3n de los miembros de una comisi\u00f3n es un hecho de nulidad absoluta, se han aprobado leyes sin contar con los votos necesarios, un hecho de extrema gravedad  motivo por el cual concurro con escribano p\u00fablico ante la Secretar\u00eda Parlamentaria a fin de que se nos provea copia de todo lo actuado en la sesi\u00f3n y se nos neg\u00f3, pensaron que si no ten\u00edamos los elementos de prueba no \u00edbamos a accionar, se equivocaron, tenemos elementos m\u00e1s que suficientes\u201d<br \/>\nPeche: \u201cCometieron fraude, violaron la Constituci\u00f3n y el Reglamento Interno\u201d<br \/>\nEl presidente del bloque de diputados Carim Peche fue enf\u00e1tico \u201cLa discusi\u00f3n ni siquiera es PASO si o PASO no,  o colectoras,  m\u00e1s all\u00e1 que claramente hemos manifestado no estar de acuerdo , lo que decimos es que la sesi\u00f3n fue un fraude, violaron la Constituci\u00f3n y el Reglamento Interno, pod\u00edan haber hecho lo mismo una semana despu\u00e9s respetando los procedimientos porque tienen n\u00famero de sobra, por eso recurrimos a la justicia, no solo hubo fraude  sino que nos negaron el uso de la palabra en la casa de la democracia, cerraron  los micr\u00f3fonos, cortaron la transmisi\u00f3n, amenazaron con sacarnos con la polic\u00eda, eso es lo grave\u201d<br \/>\nGuti\u00e9rrez: \u201cLa gente necesita agua, luz, mejores salarios y poder circular\u201d<br \/>\nEl diputado y secretario de la Comisi\u00f3n de Asuntos Constitucionales de la C\u00e1mara de Diputados, Livio Guti\u00e9rrez,  agreg\u00f3 \u201cTodo lo actuado tiene serios vicios de nulidad porque el procedimiento legal dice que presentada una Ley va a labor parlamentaria donde se le asigna la comisi\u00f3n de tratamiento, y esa comisi\u00f3n es la que emite despacho, en el caso del proyecto que implementa el sistema de listas colectoras nunca fue ingresado a labor parlamentaria, convocaron a una sesi\u00f3n especial de la Comisi\u00f3n para tratar una Ley que no hab\u00eda ingresado, los videos aportados a la causa son claros, 11 legisladores de la UCR,  3 del Frente Integrador y el Frente Grande que tambi\u00e9n manifest\u00f3 que no acompa\u00f1ar\u00eda lo actuado\u201d<br \/>\n\u201cHoy, a 9 d\u00edas de la supuesta modificaci\u00f3n de la composici\u00f3n de la comisi\u00f3n de asuntos constitucionales ni siquiera est\u00e1n agregados los nuevos miembros, la verdad es que todo esto es solo de inter\u00e9s para Capitanich que tiene una urna en su mente, el metro cuadrado de los chaque\u00f1os pasa por la falta de agua, de luz, de bajos salarios, de no poder circular por calles y rutas por piquetes, esperamos que todo esto ponga blanco sobre negro y se empiecen a ocupar de las necesidades de los ciudadanos\u201d<br \/>\nPolini: \u201cEl responsable de lo sucedido el Jorge Capitanich\u201d<br \/>\nEl diputado nacional y titular de la UCR del Chaco, Juan Carlos Polini expres\u00f3 \u201cEn nombre de la UCR queremos acompa\u00f1ar a los diputados que est\u00e1n accionando contra este accionar ilegal, y condenar en  la figura del gobernador Jorge Capitanich la responsabilidad de lo sucedido, en los videos  se aprecia claramente la actitud de los legisladores oficialistas que ante la interpelaci\u00f3n de nuestros diputados solo pudieron agachar la cabeza, es momento de que la justicia act\u00fae con celeridad para clarificar este hecho, no vamos a permitir que Capitanich y Gustavo Mart\u00ednez hagan lo que quieran con la Constituci\u00f3n y el sistema electoral\u201d<br \/>\nLeunda: \u201cNulidad de las leyes y posterior convocatoria a elecciones\u201d<br \/>\nEl letrado patrocinante, Dr. Carlos Guido Leunda aport\u00f3 datos significativos \u201cSe ha violado la Constituci\u00f3n Provincial en su art\u00edculo 177 que establece que debe respetase el reglamento interno de la Legislatura en todo el proceso previo a la sanci\u00f3n de las leyes, y fue manifiestamente violado, con eso ya alcanza para declarar la nulidad de la Ley y posterior convocatoria a  elecciones, por eso hemos solicitado tambi\u00e9n la nulidad del decreto de convocatoria, no puede utilizarse una modificaci\u00f3n del proceso electoral para resolver la interna del partido gobernante\u201d<br \/>\nAradas: \u201cTomaron por asalto la Legislatura\u201d<br \/>\nEl diputado Alejandro Aradas, miembro integrante de la Comisi\u00f3n de Asuntos Constitucionales expres\u00f3 su posici\u00f3n \u201cHan tomado por asalto la Legislatura,  pasaron todo l\u00edmite violando todas las normas, dec\u00edan que estaban reunidos en comisi\u00f3n de Asuntos Constitucionales cuando estaban sentados en sus bancas, espero sinceramente que la justicia accione pronto por el bien del sistema republicano y democr\u00e1tico y de la sociedad en su conjunto\u201d<\/p>\n","protected":false},"excerpt":{"rendered":"<p>Tras lo sucedido en la sesi\u00f3n del pasado mi\u00e9rcoles 7 de diciembre, diputados de la UCR integrantes de la Comisi\u00f3n de Asuntos Constitucionales de la Legislatura provincial encabezados por su presidente, el diputado Gustavo Corradi, informaron sobre la presentaci\u00f3n, ante el Superior Tribunal de Justicia, de una acci\u00f3n de amparo y medida cautelar solicitando la [&hellip;]<\/p>\n","protected":false},"author":1,"featured_media":18004,"comment_status":"closed","ping_status":"closed","sticky":false,"template":"","format":"standard","meta":{"footnotes":""},"categories":[6],"tags":[],"class_list":{"0":"post-18003","1":"post","2":"type-post","3":"status-publish","4":"format-standard","5":"has-post-thumbnail","7":"category-chaco"},"_links":{"self":[{"href":"https:\/\/chacosintesis.com.ar\/index.php\/wp-json\/wp\/v2\/posts\/18003","targetHints":{"allow":["GET"]}}],"collection":[{"href":"https:\/\/chacosintesis.com.ar\/index.php\/wp-json\/wp\/v2\/posts"}],"about":[{"href":"https:\/\/chacosintesis.com.ar\/index.php\/wp-json\/wp\/v2\/types\/post"}],"author":[{"embeddable":true,"href":"https:\/\/chacosintesis.com.ar\/index.php\/wp-json\/wp\/v2\/users\/1"}],"replies":[{"embeddable":true,"href":"https:\/\/chacosintesis.com.ar\/index.php\/wp-json\/wp\/v2\/comments?post=18003"}],"version-history":[{"count":0,"href":"https:\/\/chacosintesis.com.ar\/index.php\/wp-json\/wp\/v2\/posts\/18003\/revisions"}],"wp:featuredmedia":[{"embeddable":true,"href":"https:\/\/chacosintesis.com.ar\/index.php\/wp-json\/wp\/v2\/media\/18004"}],"wp:attachment":[{"href":"https:\/\/chacosintesis.com.ar\/index.php\/wp-json\/wp\/v2\/media?parent=18003"}],"wp:term":[{"taxonomy":"category","embeddable":true,"href":"https:\/\/chacosintesis.com.ar\/index.php\/wp-json\/wp\/v2\/categories?post=18003"},{"taxonomy":"post_tag","embeddable":true,"href":"https:\/\/chacosintesis.com.ar\/index.php\/wp-json\/wp\/v2\/tags?post=18003"}],"curies":[{"name":"wp","href":"https:\/\/api.w.org\/{rel}","templated":true}]}}