{"id":17998,"date":"2022-12-16T08:14:28","date_gmt":"2022-12-16T11:14:28","guid":{"rendered":"https:\/\/chacosintesis.com.ar\/?p=17998"},"modified":"2022-12-16T08:37:21","modified_gmt":"2022-12-16T11:37:21","slug":"secheep-charata-entendemos-el-malestar-de-la-gente-y-trabajamos-para-evitar-que-se-repita","status":"publish","type":"post","link":"https:\/\/chacosintesis.com.ar\/index.php\/secheep-charata-entendemos-el-malestar-de-la-gente-y-trabajamos-para-evitar-que-se-repita\/","title":{"rendered":"Secheep Charata: &#8220;Entendemos el malestar de la gente, y trabajamos para evitar que se repita&#8221;"},"content":{"rendered":"<p>El gerente de la empresa, Orlando Rafin, asegur\u00f3 que m\u00e1s all\u00e1 de las altas temperaturas, hubo otros inconvenientes que determinan situaciones sobre las que &#8220;poner el foco&#8221;.<\/p>\n<p>En las \u00faltimas semanas, y particularmente el jueves y viernes de la semana pasada, los cortes de energ\u00eda se han dado de forma permanente \u2013casi siempre- en horarios de siesta o tarde. Desde la empresa respondieron al reclamo de los usuarios.<\/p>\n<p>Orlando Rafin, gerente Secheep Charata habl\u00f3 sobre la situaci\u00f3n que se vivi\u00f3 la pasada semana, explicando que &#8220;tuvimos dos d\u00edas con situaciones clim\u00e1ticas muy extremas, con sensaciones t\u00e9rmicas superiores a los 50 grados. Por lo cual se gener\u00f3 dos salidas de (funcionamiento) de distribuidores que son l\u00edneas de media tensi\u00f3n que alimentan los transformadores&#8221;.<br \/>\nRaf\u00edn agreg\u00f3 que  \u00a8esto hizo que se dilataran los cables, lo que gener\u00f3 que salgan de sistema; cuando se intenta volver el sistema, se hace dif\u00edcil por el consumo. No es normal que se hayan dilatado as\u00ed los cables, y tomaron contacto con columnas de alumbrado p\u00fablico&#8221;.<br \/>\nEl d\u00eda que Argentina enfrentaba a Pa\u00edses Bajos, por los cuartos de final del mundial, Rafin se\u00f1al\u00f3 &#8220;con lo que hab\u00eda pasado el jueves, se hicieron trabajos para evitar que sucediera lo mismo, y momentos antes del partido, un cable subterr\u00e1neo frente a AFA se pinch\u00f3 y gener\u00f3 la salida de dos o tres l\u00edneas de media tensi\u00f3n. Se intent\u00f3 reponer el servicio, pero las cargas de esas l\u00edneas son muy grandes, por lo cual se demor\u00f3&#8221;.<br \/>\nPasar el verano<br \/>\nEl funcionario se\u00f1al\u00f3 que las altas temperatura &#8220;nos pone en una situaci\u00f3n que nos muestran ciertas condiciones donde hay que poner foco&#8221;. Agreg\u00f3 &#8220;no se va a prometer un milagro. Trabajamos para tener un servicio adecuado, y entendemos el malestar de la gente, y como responsable de la empresa, quiero rescatar el esfuerzo que hace el personal, m\u00e1s con estas temperaturas&#8221;.<br \/>\nM\u00e1s all\u00e1 de los robos de transformadores, en zona rural, incendios forestales, que demandan elementos y recursos humanos, Rafin reconoci\u00f3 &#8220;espero que este verano las condiciones mejoren y nuestro servicio mejore para tener un verano confortable&#8221;<br \/>\nSobre posibles episodios, si las temperaturas vuelven a superar las que tuvimos jueves y viernes,  se\u00f1al\u00f3 que puede repetirse. &#8220;Considero que estamos trabajando para evitar esos problemas&#8221;, indic\u00f3.<br \/>\nReclamos por p\u00e9rdidas<br \/>\nAdem\u00e1s de los cortes, se dieron picos de voltajes, y esto gener\u00f3 que se quemaran electrodom\u00e9sticos como aires acondicionados o heladeras. Sobre los reclamos, explic\u00f3 que los usuarios deben acercarse a las oficinas de Secheep, para retirar instrucciones con los requisitos para establecer el reclamo, y se deriva a un sector de la empresa, en administraci\u00f3n central, que eval\u00faa esta situaci\u00f3n.<br \/>\n DIARIO NORTE.-<\/p>\n","protected":false},"excerpt":{"rendered":"<p>El gerente de la empresa, Orlando Rafin, asegur\u00f3 que m\u00e1s all\u00e1 de las altas temperaturas, hubo otros inconvenientes que determinan situaciones sobre las que &#8220;poner el foco&#8221;. En las \u00faltimas semanas, y particularmente el jueves y viernes de la semana pasada, los cortes de energ\u00eda se han dado de forma permanente \u2013casi siempre- en horarios [&hellip;]<\/p>\n","protected":false},"author":1,"featured_media":17999,"comment_status":"closed","ping_status":"closed","sticky":false,"template":"","format":"standard","meta":{"footnotes":""},"categories":[6],"tags":[197],"class_list":{"0":"post-17998","1":"post","2":"type-post","3":"status-publish","4":"format-standard","5":"has-post-thumbnail","7":"category-chaco","8":"tag-destacada"},"_links":{"self":[{"href":"https:\/\/chacosintesis.com.ar\/index.php\/wp-json\/wp\/v2\/posts\/17998","targetHints":{"allow":["GET"]}}],"collection":[{"href":"https:\/\/chacosintesis.com.ar\/index.php\/wp-json\/wp\/v2\/posts"}],"about":[{"href":"https:\/\/chacosintesis.com.ar\/index.php\/wp-json\/wp\/v2\/types\/post"}],"author":[{"embeddable":true,"href":"https:\/\/chacosintesis.com.ar\/index.php\/wp-json\/wp\/v2\/users\/1"}],"replies":[{"embeddable":true,"href":"https:\/\/chacosintesis.com.ar\/index.php\/wp-json\/wp\/v2\/comments?post=17998"}],"version-history":[{"count":0,"href":"https:\/\/chacosintesis.com.ar\/index.php\/wp-json\/wp\/v2\/posts\/17998\/revisions"}],"wp:featuredmedia":[{"embeddable":true,"href":"https:\/\/chacosintesis.com.ar\/index.php\/wp-json\/wp\/v2\/media\/17999"}],"wp:attachment":[{"href":"https:\/\/chacosintesis.com.ar\/index.php\/wp-json\/wp\/v2\/media?parent=17998"}],"wp:term":[{"taxonomy":"category","embeddable":true,"href":"https:\/\/chacosintesis.com.ar\/index.php\/wp-json\/wp\/v2\/categories?post=17998"},{"taxonomy":"post_tag","embeddable":true,"href":"https:\/\/chacosintesis.com.ar\/index.php\/wp-json\/wp\/v2\/tags?post=17998"}],"curies":[{"name":"wp","href":"https:\/\/api.w.org\/{rel}","templated":true}]}}