{"id":17992,"date":"2022-12-16T08:06:24","date_gmt":"2022-12-16T11:06:24","guid":{"rendered":"https:\/\/chacosintesis.com.ar\/?p=17992"},"modified":"2022-12-16T08:07:08","modified_gmt":"2022-12-16T11:07:08","slug":"el-deterioro-en-la-ruta-16-es-cada-vez-mas-notorio","status":"publish","type":"post","link":"https:\/\/chacosintesis.com.ar\/index.php\/el-deterioro-en-la-ruta-16-es-cada-vez-mas-notorio\/","title":{"rendered":"El deterioro en la ruta 16 es cada vez m\u00e1s notorio"},"content":{"rendered":"<p>Comerciantes y transportistas dicen que no hay se\u00f1alizaci\u00f3n y la calzada est\u00e1 deformada por tramos, como el de entre Napenay y S\u00e1enz Pe\u00f1a.<\/p>\n<p>Baches y deformaciones en la calzada, pr\u00e1cticamente con la banquina desaparecida en algunos trayectos, el tramo S\u00e1enz Pe\u00f1a-Pampa del Infierno de la Ruta Nacional 16 genera preocupaci\u00f3n a todo el aparato productivo como tambi\u00e9n a los transportistas.<\/p>\n<p>Hay un tramo que es muy peligroso, y sin se\u00f1alizaci\u00f3n, entre la calle 68 y hasta el frigor\u00edfico de La Uni\u00f3n, ah\u00ed yo romp\u00ed cubierta y torc\u00ed la llanta de mi auto\u2018, dijo a NORTE Dar\u00edo Fern\u00e1ndez, instalador de alarmas que frecuentemente viaja al interior chaque\u00f1o.<br \/>\n Hay deformaciones que se hicieron en sectores donde la empresa concesionaria hizo reparaciones en bloques, los cuales por la acci\u00f3n del calor intenso y el peso (o sobrepeso) de camiones de carga, provoc\u00f3 estas anormalidades en la carpeta asf\u00e1ltica que se transforman en una trampa para los conductores.<br \/>\nPIDEN MEDIDAS<br \/>\nRepresentantes de entidades comerciales y productivas del interior, se mostraron preocupados por el mal estado de la ruta y por la falta de mantenimiento.<\/p>\n<p>\u2018Que se enteren los de Vialidad Nacional, ac\u00e1 est\u00e1 en juego no solo el da\u00f1o econ\u00f3mico que puede ocasionar en los veh\u00edculos sino en la seguridad de las personas\u2018, se\u00f1alaron comerciantes de Pampa del Infierno.<\/p>\n<p>\u2018Le pedimos a las autoridades de Vialidad Nacional que tomen cartas en el asunto porque los que transitamos a diario, corremos peligro y no hay se\u00f1alizaci\u00f3n, s\u00f3lo te encontr\u00e1s con los bordes en el medio de la calzada, y as\u00ed puede pasar cualquier cosa\u2018, indicaron.<\/p>\n<p>DIARIO NORTE.-<\/p>\n","protected":false},"excerpt":{"rendered":"<p>Comerciantes y transportistas dicen que no hay se\u00f1alizaci\u00f3n y la calzada est\u00e1 deformada por tramos, como el de entre Napenay y S\u00e1enz Pe\u00f1a. Baches y deformaciones en la calzada, pr\u00e1cticamente con la banquina desaparecida en algunos trayectos, el tramo S\u00e1enz Pe\u00f1a-Pampa del Infierno de la Ruta Nacional 16 genera preocupaci\u00f3n a todo el aparato productivo [&hellip;]<\/p>\n","protected":false},"author":1,"featured_media":17993,"comment_status":"closed","ping_status":"closed","sticky":false,"template":"","format":"standard","meta":{"footnotes":""},"categories":[6],"tags":[197],"class_list":{"0":"post-17992","1":"post","2":"type-post","3":"status-publish","4":"format-standard","5":"has-post-thumbnail","7":"category-chaco","8":"tag-destacada"},"_links":{"self":[{"href":"https:\/\/chacosintesis.com.ar\/index.php\/wp-json\/wp\/v2\/posts\/17992","targetHints":{"allow":["GET"]}}],"collection":[{"href":"https:\/\/chacosintesis.com.ar\/index.php\/wp-json\/wp\/v2\/posts"}],"about":[{"href":"https:\/\/chacosintesis.com.ar\/index.php\/wp-json\/wp\/v2\/types\/post"}],"author":[{"embeddable":true,"href":"https:\/\/chacosintesis.com.ar\/index.php\/wp-json\/wp\/v2\/users\/1"}],"replies":[{"embeddable":true,"href":"https:\/\/chacosintesis.com.ar\/index.php\/wp-json\/wp\/v2\/comments?post=17992"}],"version-history":[{"count":0,"href":"https:\/\/chacosintesis.com.ar\/index.php\/wp-json\/wp\/v2\/posts\/17992\/revisions"}],"wp:featuredmedia":[{"embeddable":true,"href":"https:\/\/chacosintesis.com.ar\/index.php\/wp-json\/wp\/v2\/media\/17993"}],"wp:attachment":[{"href":"https:\/\/chacosintesis.com.ar\/index.php\/wp-json\/wp\/v2\/media?parent=17992"}],"wp:term":[{"taxonomy":"category","embeddable":true,"href":"https:\/\/chacosintesis.com.ar\/index.php\/wp-json\/wp\/v2\/categories?post=17992"},{"taxonomy":"post_tag","embeddable":true,"href":"https:\/\/chacosintesis.com.ar\/index.php\/wp-json\/wp\/v2\/tags?post=17992"}],"curies":[{"name":"wp","href":"https:\/\/api.w.org\/{rel}","templated":true}]}}