{"id":17979,"date":"2022-12-13T08:03:59","date_gmt":"2022-12-13T11:03:59","guid":{"rendered":"https:\/\/chacosintesis.com.ar\/?p=17979"},"modified":"2022-12-13T08:07:37","modified_gmt":"2022-12-13T11:07:37","slug":"se-conmemora-el-46o-aniversario-de-la-masacre-de-margarita-belen","status":"publish","type":"post","link":"https:\/\/chacosintesis.com.ar\/index.php\/se-conmemora-el-46o-aniversario-de-la-masacre-de-margarita-belen\/","title":{"rendered":"Se conmemora el 46\u00ba aniversario de la Masacre de Margarita Bel\u00e9n"},"content":{"rendered":"<p>Se recuerda la tortura y asesinato de un grupo de detenidos y detenidas pol\u00edticas en un operativo conjunto del Ej\u00e9rcito Argentino y la Polic\u00eda del Chaco el 13 de diciembre de 1976, cuando se dirig\u00edan a la provincia de Formosa. Desde la Comisi\u00f3n Provincial por la Memoria convocaron a participar del programa de actividades por la memoria.<\/p>\n<p>Se recuerda la tortura y asesinato de un grupo de detenidos y detenidas pol\u00edticas en un operativo conjunto del Ej\u00e9rcito Argentino y la Polic\u00eda del Chaco el 13 de diciembre de 1976, cuando se dirig\u00edan a la provincia de Formosa. Desde la Comisi\u00f3n Provincial por la Memoria convocaron a participar del programa de actividades por la memoria.<br \/>\nActo central<\/p>\n<p>Este martes, para conmemorar el 46\u00b0 aniversario de la Masacre de Margarita Bel\u00e9n, desde las 10 de la ma\u00f1ana se realizar\u00e1 el acto central de homenaje en el parque y monumento a los ca\u00eddos en Ruta 11 en cercan\u00edas de la localidad de Margarita Bel\u00e9n, en las inmediaciones donde se produjo el fusilamiento clandestino que intent\u00f3 ser disfrazado de enfrentamiento durante el traslado de los detenidos de Resistencia a Formosa. La caravana con colectivos y autom\u00f3viles partir\u00e1 a las 8 h desde la Casa por la Memoria o en su defecto desde Plaza Espa\u00f1a (a confirmar). El compromiso inquebrantable por parte de familiares, organismos de DDHH, organizaciones sociales y pol\u00edticas y buena parte de la sociedad en todos estos a\u00f1os logr\u00f3 transformar el sentido original de la Masacre tal cual lo ide\u00f3 la dictadura en un emblema de lucha por la Justicia y la Memoria.<br \/>\nLa Masacre de Margarita Bel\u00e9n<\/p>\n<p>Se conoce como \u201cMasacre de Margarita Bel\u00e9n\u201d la tortura y el posterior asesinato de un grupo de detenidos pol\u00edticos en un operativo conjunto del Ej\u00e9rcito Argentino y la Polic\u00eda del Chaco el 13 de diciembre de 1976 a unos 30 kil\u00f3metros de Resistencia, camino a Formosa. El fusilamiento clandestino fue disfrazado de enfrentamiento en la Ruta 11, en cercan\u00edas de la localidad de Margarita Bel\u00e9n, durante el traslado de los detenidos de Resistencia a Formosa. Los militantes v\u00edctimas fueron Luis \u00c1ngel Barco, de S\u00e1enz Pe\u00f1a, 25 a\u00f1os; Mario Cuevas, de Santa Fe, 28 a\u00f1os; Manuel Parodi Ocampo, de Misiones 28 a\u00f1os; Luis Arturo Franzen, de Misiones, 24 a\u00f1os; Carlos Alberto Duarte, de Misiones, 24 a\u00f1os; Patricio Blas Tierno, de La Plata, 24 a\u00f1os; N\u00e9stor Carlos Sala, de La Plata, 33 a\u00f1os; Luis D\u00edaz, de Corrientes, 25 a\u00f1os; Carlos Zamudio, de Resistencia, 28 a\u00f1os; Alcides Bosch, de Santa Fe, 28 a\u00f1os y Ema Cabral, de Reconquista, 28 a\u00f1os, Fernando Pi\u00e9rola, de Entre R\u00edos, 24 a\u00f1os; Roberto Horacio Yedro, de Corrientes, 28 a\u00f1os; Reynald Zapata So\u00f1ez, de Entre R\u00edos, 35 a\u00f1os, y Julio Andr\u00e9s Pereyra de Formosa, 25 a\u00f1os. A la n\u00f3mina oficial de fusilados se suman los nombres de otros militantes pol\u00edticos que fueron vistos en Alcaid\u00eda o en la Brigada y sus muertes vinculadas a este hecho; Carlos Enrique Tereszecuk, Misiones, 24 a\u00f1os; Dora Noriega, de General San Mart\u00edn, 24 a\u00f1os; Delicia Gonz\u00e1lez, de Goya, 37 a\u00f1os; Ra\u00fal Mar\u00eda Caire, de Entre R\u00edos, 27 a\u00f1os; Eduardo Lalo Fern\u00e1ndez, de Goya, 21 a\u00f1os; Ra\u00fal Antonio M\u00e9ndez, de Corrientes, 25 a\u00f1os.<\/p>\n","protected":false},"excerpt":{"rendered":"<p>Se recuerda la tortura y asesinato de un grupo de detenidos y detenidas pol\u00edticas en un operativo conjunto del Ej\u00e9rcito Argentino y la Polic\u00eda del Chaco el 13 de diciembre de 1976, cuando se dirig\u00edan a la provincia de Formosa. Desde la Comisi\u00f3n Provincial por la Memoria convocaron a participar del programa de actividades por [&hellip;]<\/p>\n","protected":false},"author":1,"featured_media":17980,"comment_status":"closed","ping_status":"closed","sticky":false,"template":"","format":"standard","meta":{"footnotes":""},"categories":[6],"tags":[197],"class_list":{"0":"post-17979","1":"post","2":"type-post","3":"status-publish","4":"format-standard","5":"has-post-thumbnail","7":"category-chaco","8":"tag-destacada"},"_links":{"self":[{"href":"https:\/\/chacosintesis.com.ar\/index.php\/wp-json\/wp\/v2\/posts\/17979","targetHints":{"allow":["GET"]}}],"collection":[{"href":"https:\/\/chacosintesis.com.ar\/index.php\/wp-json\/wp\/v2\/posts"}],"about":[{"href":"https:\/\/chacosintesis.com.ar\/index.php\/wp-json\/wp\/v2\/types\/post"}],"author":[{"embeddable":true,"href":"https:\/\/chacosintesis.com.ar\/index.php\/wp-json\/wp\/v2\/users\/1"}],"replies":[{"embeddable":true,"href":"https:\/\/chacosintesis.com.ar\/index.php\/wp-json\/wp\/v2\/comments?post=17979"}],"version-history":[{"count":0,"href":"https:\/\/chacosintesis.com.ar\/index.php\/wp-json\/wp\/v2\/posts\/17979\/revisions"}],"wp:featuredmedia":[{"embeddable":true,"href":"https:\/\/chacosintesis.com.ar\/index.php\/wp-json\/wp\/v2\/media\/17980"}],"wp:attachment":[{"href":"https:\/\/chacosintesis.com.ar\/index.php\/wp-json\/wp\/v2\/media?parent=17979"}],"wp:term":[{"taxonomy":"category","embeddable":true,"href":"https:\/\/chacosintesis.com.ar\/index.php\/wp-json\/wp\/v2\/categories?post=17979"},{"taxonomy":"post_tag","embeddable":true,"href":"https:\/\/chacosintesis.com.ar\/index.php\/wp-json\/wp\/v2\/tags?post=17979"}],"curies":[{"name":"wp","href":"https:\/\/api.w.org\/{rel}","templated":true}]}}