{"id":17974,"date":"2022-12-12T08:11:14","date_gmt":"2022-12-12T11:11:14","guid":{"rendered":"https:\/\/chacosintesis.com.ar\/?p=17974"},"modified":"2022-12-12T08:37:24","modified_gmt":"2022-12-12T11:37:24","slug":"dejen-de-hacer-politica-partidaria-y-no-sean-lacayos-de-intereses-corporativos","status":"publish","type":"post","link":"https:\/\/chacosintesis.com.ar\/index.php\/dejen-de-hacer-politica-partidaria-y-no-sean-lacayos-de-intereses-corporativos\/","title":{"rendered":"&#8220;Dejen de hacer pol\u00edtica partidaria y no sean lacayos de intereses corporativos&#8221;"},"content":{"rendered":"<p>El gobernador del Chaco se refiri\u00f3 a las denuncias de la organizaci\u00f3n ambientalista de las que son objeto, constantemente, los mandatarios de provincias del Norte Grande. \u201cTodas las injurias, calumnias y campa\u00f1as de desprestigio tendr\u00e1n que resolverse en la justicia\u201d, resalt\u00f3, y sostuvo que se trata de una organizaci\u00f3n que act\u00faa como \u201cbrazo pol\u00edtico del macrismo\u201d<\/p>\n<p>El gobernador del Chaco, Jorge Capitanich, se refiri\u00f3 a las permanentes campa\u00f1as y denuncias realizadas por Greenpeace contra la gesti\u00f3n provincial, indicando que se trata de una organizaci\u00f3n que act\u00faa como \u201cbrazo pol\u00edtico del macrismo devastador en la Rep\u00fablica Argentina\u201d, lugar desde donde \u201cse ocupa sistem\u00e1ticamente de agredirnos a los gobernadores del norte argentino, pero principalmente a m\u00ed\u201d. \u201cSon verdaderos sicarios medi\u00e1ticos sin ning\u00fan sustento\u201d, advirti\u00f3.<br \/>\nEl mandatario marc\u00f3 que los desmontes ilegales constituyen acciones monitoreadas y denunciadas por el gobierno provincial y record\u00f3 que existe impedimento legal para desmontar desde hace tres a\u00f1os en este territorio.<br \/>\n\u201cTodas las injurias, calumnias y campa\u00f1as de desprestigio tendr\u00e1n que resolverse en la justicia, pues estamos hartos que estas organizaciones financiadas por grupos de inter\u00e9s pol\u00edtico mancillen a nuestra gesti\u00f3n de gobierno\u201d, adelant\u00f3.<br \/>\n\u201cJam\u00e1s los escuchamos decir algo respecto de la contaminaci\u00f3n ambiental en 203 km2 de la Capital Federal, gobernada hace m\u00e1s de 15 a\u00f1os por su principal socio pol\u00edtico, que constituye el principal foco contaminante del pa\u00eds\u201d, dijo Capitanich, contrastando as\u00ed que el Chaco \u201ctiene protecci\u00f3n total en el 20% de su territorio, mientras que en Capital Federal no existen los metros cuadrados necesarios de espacios verdes\u201d.<br \/>\n\u201cNos deben el 90% de los recursos para la protecci\u00f3n del bosque nativo, la misma cantidad de recursos que CABA nos quit\u00f3 para financiar obras sospechadas de corrupci\u00f3n para los amigos del PRO -donde Greenpeace ha puesto hasta diputados nacionales-, pero de la escasez de fondos que debemos enfrentar las provincias del norte a la hora de proteger los bosques no dicen nada\u2026\u201d, enfatiz\u00f3 el mandatario.<br \/>\nEn esa l\u00ednea, agreg\u00f3: \u201cNos condenan a la exclusi\u00f3n y la pobreza pues jam\u00e1s apoyaron iniciativas de compensaci\u00f3n para quienes protegemos el bosque nativo\u201d.<br \/>\n El gobernador chaque\u00f1o record\u00f3 que integrantes de Greenpeace fueron convocados \u201ca plantear alternativas de producci\u00f3n sostenible y se han negado sistem\u00e1ticamente, porque su negocio es justamente la cr\u00edtica infundada sin propuesta\u201d. \u201cNo tienen la m\u00e1s m\u00ednima idea de lo que implica gestionar la realidad ni les interesan las dificultades de los ciudadanos chaque\u00f1os que viven del monte. No tienen inter\u00e9s en mejorar las condiciones de vida a la poblaci\u00f3n, s\u00f3lo en continuar con su negocio financiado desde el norte global\u201d, agreg\u00f3.<br \/>\nEn ese sentido, el mandatario sostuvo: \u201cEstamos hartos de las operaciones y estigmatizaciones de estos sicarios que tienen la impunidad de mentir a cualquier precio, pagada por las principales corporaciones contaminantes y que, casualmente, callan cuando quienes est\u00e1n en el gobierno son partidos de derecha\u201d.<br \/>\nLuego, record\u00f3 que el Ordenamiento Territorial de Bosques Nativos (OTBN) debe analizarse en la C\u00e1mara de Diputados de la provincia: \u201cEs precisamente all\u00ed donde muchas organizaciones nos acusan de proteger en exceso el bosque nativo. Y, qu\u00e9 casualidad\u2026 \u00a1el responsable soy yo! Esto cierra claramente desde el punto de vista pol\u00edtico. \u00a1Hay que pegarle de los dos lados!\u201d, sostuvo.<br \/>\nAs\u00ed, el gobernador puso \u00e9nfasis en se\u00f1alar: \u201cNosotros estamos de un solo lado. El del desarrollo productivo sostenible para generar el desenvolvimiento de las cadenas de valor con generaci\u00f3n de empleos de buena calidad que nos permitan cuidar los bosques\u201d. \u201cDel bosque chaque\u00f1o viven m\u00e1s de 20.000 personas. Y en nuestro Impenetrable chaque\u00f1o viven 50.000 personas que no reciben del resto del mundo y del centralismo porte\u00f1o la compensaci\u00f3n del ox\u00edgeno que aportan para la vida humana\u201d, agreg\u00f3.<br \/>\nPor \u00faltimo, marc\u00f3 que es necesario \u201cque quienes financian a Greenpeace comiencen a financiar la transici\u00f3n energ\u00e9tica, la adaptaci\u00f3n y mitigaci\u00f3n al cambio clim\u00e1tico causado por los pa\u00edses del primer mundo y la provisi\u00f3n de servicios ecosist\u00e9micos de nuestros territorios hacia todo el globo\u201d. Y pidi\u00f3 a la organizaci\u00f3n dejar \u201cde hacer pol\u00edtica partidaria\u201d. \u201cDejen de ser lacayos de intereses corporativos. No sean c\u00f3mplices de los que verdaderamente destruyen el ambiente\u201d, cerr\u00f3.<\/p>\n","protected":false},"excerpt":{"rendered":"<p>El gobernador del Chaco se refiri\u00f3 a las denuncias de la organizaci\u00f3n ambientalista de las que son objeto, constantemente, los mandatarios de provincias del Norte Grande. \u201cTodas las injurias, calumnias y campa\u00f1as de desprestigio tendr\u00e1n que resolverse en la justicia\u201d, resalt\u00f3, y sostuvo que se trata de una organizaci\u00f3n que act\u00faa como \u201cbrazo pol\u00edtico del [&hellip;]<\/p>\n","protected":false},"author":1,"featured_media":17975,"comment_status":"closed","ping_status":"closed","sticky":false,"template":"","format":"standard","meta":{"footnotes":""},"categories":[6],"tags":[],"class_list":{"0":"post-17974","1":"post","2":"type-post","3":"status-publish","4":"format-standard","5":"has-post-thumbnail","7":"category-chaco"},"_links":{"self":[{"href":"https:\/\/chacosintesis.com.ar\/index.php\/wp-json\/wp\/v2\/posts\/17974","targetHints":{"allow":["GET"]}}],"collection":[{"href":"https:\/\/chacosintesis.com.ar\/index.php\/wp-json\/wp\/v2\/posts"}],"about":[{"href":"https:\/\/chacosintesis.com.ar\/index.php\/wp-json\/wp\/v2\/types\/post"}],"author":[{"embeddable":true,"href":"https:\/\/chacosintesis.com.ar\/index.php\/wp-json\/wp\/v2\/users\/1"}],"replies":[{"embeddable":true,"href":"https:\/\/chacosintesis.com.ar\/index.php\/wp-json\/wp\/v2\/comments?post=17974"}],"version-history":[{"count":0,"href":"https:\/\/chacosintesis.com.ar\/index.php\/wp-json\/wp\/v2\/posts\/17974\/revisions"}],"wp:featuredmedia":[{"embeddable":true,"href":"https:\/\/chacosintesis.com.ar\/index.php\/wp-json\/wp\/v2\/media\/17975"}],"wp:attachment":[{"href":"https:\/\/chacosintesis.com.ar\/index.php\/wp-json\/wp\/v2\/media?parent=17974"}],"wp:term":[{"taxonomy":"category","embeddable":true,"href":"https:\/\/chacosintesis.com.ar\/index.php\/wp-json\/wp\/v2\/categories?post=17974"},{"taxonomy":"post_tag","embeddable":true,"href":"https:\/\/chacosintesis.com.ar\/index.php\/wp-json\/wp\/v2\/tags?post=17974"}],"curies":[{"name":"wp","href":"https:\/\/api.w.org\/{rel}","templated":true}]}}