{"id":17970,"date":"2022-12-09T08:41:25","date_gmt":"2022-12-09T11:41:25","guid":{"rendered":"https:\/\/chacosintesis.com.ar\/?p=17970"},"modified":"2022-12-09T09:08:40","modified_gmt":"2022-12-09T12:08:40","slug":"capitanich-participo-de-la-misa-junto-a-la-comunidad-de-meson-de-fierro","status":"publish","type":"post","link":"https:\/\/chacosintesis.com.ar\/index.php\/capitanich-participo-de-la-misa-junto-a-la-comunidad-de-meson-de-fierro\/","title":{"rendered":"Capitanich particip\u00f3 de la misa junto a la comunidad de Mes\u00f3n de Fierro"},"content":{"rendered":"<p>En el mismo d\u00eda de la Inmaculada Concepci\u00f3n, el mandatario resalt\u00f3 que &#8220;cada oraci\u00f3n se reza con el deseo de protecci\u00f3n de las comunidades y para el bien de todos los chaque\u00f1os&#8221;.<br \/>\n Como es tradici\u00f3n cada 8 de diciembre, el gobernador Jorge Capitanich particip\u00f3 de la Misa ofrecida por el D\u00eda de la Virgen de la Laguna, patrona del sudoeste chaque\u00f1o, junto a la comunidad de Mes\u00f3n de Fierro.<br \/>\n\u201cEn este tiempo, que como dec\u00eda muy bien el padre, es un tiempo de adviento, un tiempo de espera, reconocimiento al Se\u00f1or que vendr\u00e1, manifestamos nuestra oraci\u00f3n de fe\u201d, dijo Capitanich.<br \/>\n&#8220;Esta es una demostraci\u00f3n de fe y devoci\u00f3n mariana de toda la comunidad del sudoeste, que vemos no solamente aqu\u00ed sino en todo el Chaco, que acude tradicionalmente a rezar a la Virgen de la Laguna&#8221;, manifest\u00f3 el gobernador.<br \/>\n En el mismo d\u00eda de la Inmaculada Concepci\u00f3n de Mar\u00eda, el mandatario resalt\u00f3 que &#8220;cada oraci\u00f3n se reza con el deseo de protecci\u00f3n de las comunidades y para el bien de todos los chaque\u00f1os&#8221;.<br \/>\n&#8220;Nosotros rezamos ante la virgen por la ruta 13, por el acceso al predio, y todo se ha cumplido. Tenemos una fe y una devoci\u00f3n muy profunda y sabemos muy bien que la oraci\u00f3n que podamos hacer ser\u00e1 para bien\u201d, reiter\u00f3 Capitanich<\/p>\n","protected":false},"excerpt":{"rendered":"<p>En el mismo d\u00eda de la Inmaculada Concepci\u00f3n, el mandatario resalt\u00f3 que &#8220;cada oraci\u00f3n se reza con el deseo de protecci\u00f3n de las comunidades y para el bien de todos los chaque\u00f1os&#8221;. Como es tradici\u00f3n cada 8 de diciembre, el gobernador Jorge Capitanich particip\u00f3 de la Misa ofrecida por el D\u00eda de la Virgen de [&hellip;]<\/p>\n","protected":false},"author":1,"featured_media":17971,"comment_status":"closed","ping_status":"closed","sticky":false,"template":"","format":"standard","meta":{"footnotes":""},"categories":[6],"tags":[],"class_list":{"0":"post-17970","1":"post","2":"type-post","3":"status-publish","4":"format-standard","5":"has-post-thumbnail","7":"category-chaco"},"_links":{"self":[{"href":"https:\/\/chacosintesis.com.ar\/index.php\/wp-json\/wp\/v2\/posts\/17970","targetHints":{"allow":["GET"]}}],"collection":[{"href":"https:\/\/chacosintesis.com.ar\/index.php\/wp-json\/wp\/v2\/posts"}],"about":[{"href":"https:\/\/chacosintesis.com.ar\/index.php\/wp-json\/wp\/v2\/types\/post"}],"author":[{"embeddable":true,"href":"https:\/\/chacosintesis.com.ar\/index.php\/wp-json\/wp\/v2\/users\/1"}],"replies":[{"embeddable":true,"href":"https:\/\/chacosintesis.com.ar\/index.php\/wp-json\/wp\/v2\/comments?post=17970"}],"version-history":[{"count":0,"href":"https:\/\/chacosintesis.com.ar\/index.php\/wp-json\/wp\/v2\/posts\/17970\/revisions"}],"wp:featuredmedia":[{"embeddable":true,"href":"https:\/\/chacosintesis.com.ar\/index.php\/wp-json\/wp\/v2\/media\/17971"}],"wp:attachment":[{"href":"https:\/\/chacosintesis.com.ar\/index.php\/wp-json\/wp\/v2\/media?parent=17970"}],"wp:term":[{"taxonomy":"category","embeddable":true,"href":"https:\/\/chacosintesis.com.ar\/index.php\/wp-json\/wp\/v2\/categories?post=17970"},{"taxonomy":"post_tag","embeddable":true,"href":"https:\/\/chacosintesis.com.ar\/index.php\/wp-json\/wp\/v2\/tags?post=17970"}],"curies":[{"name":"wp","href":"https:\/\/api.w.org\/{rel}","templated":true}]}}