{"id":17964,"date":"2022-12-07T22:02:48","date_gmt":"2022-12-08T01:02:48","guid":{"rendered":"https:\/\/chacosintesis.com.ar\/?p=17964"},"modified":"2022-12-07T22:04:47","modified_gmt":"2022-12-08T01:04:47","slug":"basail-celebro-su-aniversario-con-entrega-de-viviendas-y-la-inauguracion-de-un-centro-de-jubilados","status":"publish","type":"post","link":"https:\/\/chacosintesis.com.ar\/index.php\/basail-celebro-su-aniversario-con-entrega-de-viviendas-y-la-inauguracion-de-un-centro-de-jubilados\/","title":{"rendered":"Basail celebr\u00f3 su aniversario con entrega de viviendas y la inauguraci\u00f3n de un Centro de Jubilados"},"content":{"rendered":"<p>Adem\u00e1s, el gobernador Jorge Capitanich y la comitiva provincial, recorri\u00f3 las obras de la primera etapa del hospital, que se realizan con mano de obra local y materiales de primera calidad.<\/p>\n<p>El gobernador Jorge Capitanich entreg\u00f3 este mi\u00e9rcoles 22 viviendas e inaugur\u00f3 un Centro de Jubilados en Basail, como parte de las celebraciones por su 134\u00b0 aniversario. En total, la ejecuci\u00f3n de las obras inauguradas implic\u00f3 una inversi\u00f3n de $256 millones.<br \/>\n\u201cEl Gobierno tiene como responsabilidad propiciar acciones, garantizar derechos y promover pol\u00edticas p\u00fablicas con el objetivo de ampliar estructura social b\u00e1sica y un modelo productivo que tienda a impulsar la creaci\u00f3n de empleo. Esto es un trabajo duro, por las condiciones econ\u00f3micas actuales, pero es muy reconfortante para m\u00ed observar c\u00f3mo Basail progresa a pesar de todo en muchos \u00e1mbitos de su comunidad\u201d, asegur\u00f3 Capitanich.<br \/>\nJunto al intendente, Ignacio Rost\u00e1n, el mandatario tambi\u00e9n constat\u00f3 el avance de las obras de la primera etapa de refuncionalizaci\u00f3n y ampliaci\u00f3n del hospital, que sutiliza materiales de primera calidad y mano de obra local. El mismo, contar\u00e1 con consultorios de ginecolog\u00eda, odontolog\u00eda, nutrici\u00f3n, y medicina general, estad\u00edsticas, farmacia, administraci\u00f3n, sala de Rayos X, entre otros servicios.<\/p>\n<p>Respecto del nuevo edificio para las personas mayores, el espacio cuenta con un sal\u00f3n principal, administraci\u00f3n, consultorio, dep\u00f3sitos, ba\u00f1os, cocina, galer\u00eda y parrilla. Adem\u00e1s, se previeron espacios para las pr\u00e1cticas de deportes como el newcom, cancha de bochas y huerta. El objetivo fundamental es incentivar la integraci\u00f3n social de las personas mayores y que tengan un espacio destinado al intercambio de vivencias y experiencias, acorde a sus necesidades.<\/p>\n<p>En relaci\u00f3n a la entrega de 22 m\u00f3dulos habitacionales, cabe se\u00f1alar que diez fueron destinados a familias de pueblos originarios. Todos cuentan con galer\u00eda de ingreso, sala de estar, cocina, comedor, ba\u00f1os, dormitorios, lavadero y \u00e1reas de servicio, con la debida instalaci\u00f3n de agua potable.<br \/>\nCapitanich tambi\u00e9n se refiri\u00f3 a las pr\u00f3ximas obras que se realizar\u00e1n en la localidad durante el siguiente a\u00f1o, donde se destacan un paquete de 30 cuadras de pavimento urbano, una comisar\u00eda, la planta potabilizadora de agua y el sistema de cloacas. \u201cSon varias las gestiones que queremos llevar adelante en esta zona, de acuerdo a nuestro plan de obras. Estamos haciendo much\u00edsimo en la provincia e intentamos distribuir de una manera ordenada los proyectos, para que los beneficios lleguen a todos los chaque\u00f1os y chaque\u00f1as\u201d, a\u00f1adi\u00f3.<br \/>\n A su turno, el intendente Rostan se\u00f1al\u00f3: \u201cEs una jornada de fiesta para toda la comunidad. Esto permitir\u00e1 elevar la calidad de vida de cada una y cada uno de los habitantes de Basail\u201d.<br \/>\nAsimismo, el jefe comunal destac\u00f3 que \u201clas obras no son algo que cae del cielo. Son acciones del Gobierno que se logran gracias al esfuerzo del gobernador Capitanich, quien tiene una mirada especial para todos los Municipios de la provincia, sin importar el color pol\u00edtico de los gobiernos comunales\u201d, destac\u00f3.<br \/>\nAcompa\u00f1aron al gobernador Capitanich, el ministro de Planificaci\u00f3n, Econom\u00eda e Infraestructura, Santiago P\u00e9rez Pons, Diego Ar\u00e9valo, titular del IPDUV, el vocal del organismo, Mirko Nicolich; el presidente de Sameep, Gustavo D&#8217;Alessandro y la ministra de Salud P\u00fablica, Carolina Centeno.<\/p>\n","protected":false},"excerpt":{"rendered":"<p>Adem\u00e1s, el gobernador Jorge Capitanich y la comitiva provincial, recorri\u00f3 las obras de la primera etapa del hospital, que se realizan con mano de obra local y materiales de primera calidad. El gobernador Jorge Capitanich entreg\u00f3 este mi\u00e9rcoles 22 viviendas e inaugur\u00f3 un Centro de Jubilados en Basail, como parte de las celebraciones por su [&hellip;]<\/p>\n","protected":false},"author":1,"featured_media":17965,"comment_status":"closed","ping_status":"closed","sticky":false,"template":"","format":"standard","meta":{"footnotes":""},"categories":[6],"tags":[],"class_list":{"0":"post-17964","1":"post","2":"type-post","3":"status-publish","4":"format-standard","5":"has-post-thumbnail","7":"category-chaco"},"_links":{"self":[{"href":"https:\/\/chacosintesis.com.ar\/index.php\/wp-json\/wp\/v2\/posts\/17964","targetHints":{"allow":["GET"]}}],"collection":[{"href":"https:\/\/chacosintesis.com.ar\/index.php\/wp-json\/wp\/v2\/posts"}],"about":[{"href":"https:\/\/chacosintesis.com.ar\/index.php\/wp-json\/wp\/v2\/types\/post"}],"author":[{"embeddable":true,"href":"https:\/\/chacosintesis.com.ar\/index.php\/wp-json\/wp\/v2\/users\/1"}],"replies":[{"embeddable":true,"href":"https:\/\/chacosintesis.com.ar\/index.php\/wp-json\/wp\/v2\/comments?post=17964"}],"version-history":[{"count":0,"href":"https:\/\/chacosintesis.com.ar\/index.php\/wp-json\/wp\/v2\/posts\/17964\/revisions"}],"wp:featuredmedia":[{"embeddable":true,"href":"https:\/\/chacosintesis.com.ar\/index.php\/wp-json\/wp\/v2\/media\/17965"}],"wp:attachment":[{"href":"https:\/\/chacosintesis.com.ar\/index.php\/wp-json\/wp\/v2\/media?parent=17964"}],"wp:term":[{"taxonomy":"category","embeddable":true,"href":"https:\/\/chacosintesis.com.ar\/index.php\/wp-json\/wp\/v2\/categories?post=17964"},{"taxonomy":"post_tag","embeddable":true,"href":"https:\/\/chacosintesis.com.ar\/index.php\/wp-json\/wp\/v2\/tags?post=17964"}],"curies":[{"name":"wp","href":"https:\/\/api.w.org\/{rel}","templated":true}]}}