{"id":17956,"date":"2022-12-07T10:36:31","date_gmt":"2022-12-07T13:36:31","guid":{"rendered":"https:\/\/chacosintesis.com.ar\/?p=17956"},"modified":"2022-12-07T10:37:09","modified_gmt":"2022-12-07T13:37:09","slug":"respaldo-chaqueno-a-cristina-fernandez-tras-el-fallo-judicial","status":"publish","type":"post","link":"https:\/\/chacosintesis.com.ar\/index.php\/respaldo-chaqueno-a-cristina-fernandez-tras-el-fallo-judicial\/","title":{"rendered":"Respaldo chaque\u00f1o a Cristina Fern\u00e1ndez tras el fallo judicial"},"content":{"rendered":"<p>Tras el fallo condenatorio de la justicia federal a la vicepresidenta Cristina Fern\u00e1ndez de Kirchner, distintas autoridades y referentes de la pol\u00edtica provincial se expresaron en apoyo a la mandataria a trav\u00e9s de las redes sociales.<br \/>\n \u00a1Siempre con vos @CFKArgentina! escribi\u00f3 en sus redes sociales la vicegobernadora Anal\u00eda Rach Quiroga, compartiendo varias fotos junto a la mandataria argentina.<br \/>\nEl diputado provincial Rodrigo Ocampo, en tanto, escribi\u00f3 en la red social Instagram: \u201cSiempre con Cristina, siempre y contra todo viento de \u00e9poca, el pueblo siempre vuelve\u201d.<br \/>\n\u201cEl Pueblo podr\u00e1 m\u00e1s que cualquier mafia, que cualquier corporaci\u00f3n. Y el pueblo argentino est\u00e1 con vos, Cristina Fern\u00e1ndez de Kirchner\u201d, dijo en sus redes la diputada provincial Mariela Quir\u00f3s.<br \/>\nLa diputada nacional Lucila Mas\u00edn, en tanto, poste\u00f3: \u201c\u00a1Siempre con vos! Te bancamos eternamente\u201d. Su par, el diputado nacional Aldo Leiva comparti\u00f3 a trav\u00e9s de Twitter un comunicado emitido desde el PJ nacional expresando el m\u00e1s \u201cen\u00e9rgico repudio a la persecuci\u00f3n judicial y el intento de proscripci\u00f3n que viene sufriendo la compa\u00f1era Vicepresidenta de la Naci\u00f3n\u201d.<br \/>\nAdem\u00e1s, el jefe regional NEA de Anses, Agust\u00edn Aleman, expres\u00f3: &#8220;No nos van a proscribir. Se lo prometimos a N\u00e9stor. Siempre la vamos a cuidar&#8221;. Y agreg\u00f3: &#8220;Hay que desterrar la mafia pol\u00edtico-judicial de este pa\u00eds para poder vivir en paz, democr\u00e1ticamente y tranquilos&#8221;.<\/p>\n","protected":false},"excerpt":{"rendered":"<p>Tras el fallo condenatorio de la justicia federal a la vicepresidenta Cristina Fern\u00e1ndez de Kirchner, distintas autoridades y referentes de la pol\u00edtica provincial se expresaron en apoyo a la mandataria a trav\u00e9s de las redes sociales. \u00a1Siempre con vos @CFKArgentina! escribi\u00f3 en sus redes sociales la vicegobernadora Anal\u00eda Rach Quiroga, compartiendo varias fotos junto a [&hellip;]<\/p>\n","protected":false},"author":1,"featured_media":17957,"comment_status":"closed","ping_status":"closed","sticky":false,"template":"","format":"standard","meta":{"footnotes":""},"categories":[6],"tags":[],"class_list":{"0":"post-17956","1":"post","2":"type-post","3":"status-publish","4":"format-standard","5":"has-post-thumbnail","7":"category-chaco"},"_links":{"self":[{"href":"https:\/\/chacosintesis.com.ar\/index.php\/wp-json\/wp\/v2\/posts\/17956","targetHints":{"allow":["GET"]}}],"collection":[{"href":"https:\/\/chacosintesis.com.ar\/index.php\/wp-json\/wp\/v2\/posts"}],"about":[{"href":"https:\/\/chacosintesis.com.ar\/index.php\/wp-json\/wp\/v2\/types\/post"}],"author":[{"embeddable":true,"href":"https:\/\/chacosintesis.com.ar\/index.php\/wp-json\/wp\/v2\/users\/1"}],"replies":[{"embeddable":true,"href":"https:\/\/chacosintesis.com.ar\/index.php\/wp-json\/wp\/v2\/comments?post=17956"}],"version-history":[{"count":0,"href":"https:\/\/chacosintesis.com.ar\/index.php\/wp-json\/wp\/v2\/posts\/17956\/revisions"}],"wp:featuredmedia":[{"embeddable":true,"href":"https:\/\/chacosintesis.com.ar\/index.php\/wp-json\/wp\/v2\/media\/17957"}],"wp:attachment":[{"href":"https:\/\/chacosintesis.com.ar\/index.php\/wp-json\/wp\/v2\/media?parent=17956"}],"wp:term":[{"taxonomy":"category","embeddable":true,"href":"https:\/\/chacosintesis.com.ar\/index.php\/wp-json\/wp\/v2\/categories?post=17956"},{"taxonomy":"post_tag","embeddable":true,"href":"https:\/\/chacosintesis.com.ar\/index.php\/wp-json\/wp\/v2\/tags?post=17956"}],"curies":[{"name":"wp","href":"https:\/\/api.w.org\/{rel}","templated":true}]}}