{"id":17954,"date":"2022-12-07T09:13:26","date_gmt":"2022-12-07T12:13:26","guid":{"rendered":"https:\/\/chacosintesis.com.ar\/?p=17954"},"modified":"2022-12-07T09:37:01","modified_gmt":"2022-12-07T12:37:01","slug":"otra-docente-muere-en-un-siniestro-vial-su-moto-fue-atropellada-en-la-ruta-16","status":"publish","type":"post","link":"https:\/\/chacosintesis.com.ar\/index.php\/otra-docente-muere-en-un-siniestro-vial-su-moto-fue-atropellada-en-la-ruta-16\/","title":{"rendered":"Otra docente muere en un siniestro vial: su moto fue atropellada en la ruta 16"},"content":{"rendered":"<p>La maestra era de S\u00e1enz Pe\u00f1a e ingresaba a Napenay cuando ocurri\u00f3 el choque. Iba con su hermana, que est\u00e1 en grave estado.<\/p>\n<p>Una docente falleci\u00f3 hoy martes en forma instant\u00e1nea como consecuencia de las heridas recibidas por el  impacto con un autom\u00f3vil que circulaba por la Ruta Nacional 16, a la altura de Napenay.<\/p>\n<p> El siniestro ocurri\u00f3 a las 14.20 aproximadamente, cuando por razones que se tratan de establecer una motocicleta en la que circulaban dos docentes de Av\u00eda Terai habr\u00eda intentado ingresar a la localidad de Napenay , momento en que fue atropellada por un autom\u00f3vil Toyota Corolla que se dirig\u00eda hacia la zona de Presidencia Roque S\u00e1enz Pe\u00f1a.<\/p>\n<p>Como consecuencia del impacto , falleci\u00f3  Romina Corbal\u00e1n, de profesi\u00f3n docente. Iba acompa\u00f1ada de su hermana Erika, quien fue trasladada al Hospital 4 de Junio en estado grave, seg\u00fan se indic\u00f3.<\/p>\n<p> El  autom\u00f3vil era conducido por Jos\u00e9 Antonio Rodr\u00edguez, de 35 a\u00f1os, quien  no sufri\u00f3 heridas de consideraci\u00f3n pese a que su veh\u00edculo volc\u00f3 dando varios tumbos y qued\u00f3 en posici\u00f3n invertida a un costado de la ruta.<\/p>\n<p>La tragedia se suma a la de ayer a la tarde tambi\u00e9n en la red vial del Chaco. Por la tarde, otra docente, la directora de un colegio rural de S\u00e1enz Pe\u00f1a que manejaba un Chevrolet Corsa, muri\u00f3 al chocar de frente con una camioneta Toyota Hilux en un camino rural cerca del aeropuerto de S\u00e1enz Pe\u00f1a.<\/p>\n<p>DIARIO NORTE.-<\/p>\n","protected":false},"excerpt":{"rendered":"<p>La maestra era de S\u00e1enz Pe\u00f1a e ingresaba a Napenay cuando ocurri\u00f3 el choque. Iba con su hermana, que est\u00e1 en grave estado. Una docente falleci\u00f3 hoy martes en forma instant\u00e1nea como consecuencia de las heridas recibidas por el impacto con un autom\u00f3vil que circulaba por la Ruta Nacional 16, a la altura de Napenay. [&hellip;]<\/p>\n","protected":false},"author":1,"featured_media":17955,"comment_status":"closed","ping_status":"closed","sticky":false,"template":"","format":"standard","meta":{"footnotes":""},"categories":[6],"tags":[],"class_list":{"0":"post-17954","1":"post","2":"type-post","3":"status-publish","4":"format-standard","5":"has-post-thumbnail","7":"category-chaco"},"_links":{"self":[{"href":"https:\/\/chacosintesis.com.ar\/index.php\/wp-json\/wp\/v2\/posts\/17954","targetHints":{"allow":["GET"]}}],"collection":[{"href":"https:\/\/chacosintesis.com.ar\/index.php\/wp-json\/wp\/v2\/posts"}],"about":[{"href":"https:\/\/chacosintesis.com.ar\/index.php\/wp-json\/wp\/v2\/types\/post"}],"author":[{"embeddable":true,"href":"https:\/\/chacosintesis.com.ar\/index.php\/wp-json\/wp\/v2\/users\/1"}],"replies":[{"embeddable":true,"href":"https:\/\/chacosintesis.com.ar\/index.php\/wp-json\/wp\/v2\/comments?post=17954"}],"version-history":[{"count":0,"href":"https:\/\/chacosintesis.com.ar\/index.php\/wp-json\/wp\/v2\/posts\/17954\/revisions"}],"wp:featuredmedia":[{"embeddable":true,"href":"https:\/\/chacosintesis.com.ar\/index.php\/wp-json\/wp\/v2\/media\/17955"}],"wp:attachment":[{"href":"https:\/\/chacosintesis.com.ar\/index.php\/wp-json\/wp\/v2\/media?parent=17954"}],"wp:term":[{"taxonomy":"category","embeddable":true,"href":"https:\/\/chacosintesis.com.ar\/index.php\/wp-json\/wp\/v2\/categories?post=17954"},{"taxonomy":"post_tag","embeddable":true,"href":"https:\/\/chacosintesis.com.ar\/index.php\/wp-json\/wp\/v2\/tags?post=17954"}],"curies":[{"name":"wp","href":"https:\/\/api.w.org\/{rel}","templated":true}]}}