{"id":17942,"date":"2022-12-06T10:09:44","date_gmt":"2022-12-06T13:09:44","guid":{"rendered":"https:\/\/chacosintesis.com.ar\/?p=17942"},"modified":"2022-12-06T11:52:08","modified_gmt":"2022-12-06T14:52:08","slug":"el-ministerio-de-educacion-comunico-que-las-clases-finalizan-el-viernes-16-de-diciembrela-cartera-provincial-informo-que-la-generalidad-de-las-y-los-estudiantes-deberan-asistir-hasta-el-viernes-16-as","status":"publish","type":"post","link":"https:\/\/chacosintesis.com.ar\/index.php\/el-ministerio-de-educacion-comunico-que-las-clases-finalizan-el-viernes-16-de-diciembrela-cartera-provincial-informo-que-la-generalidad-de-las-y-los-estudiantes-deberan-asistir-hasta-el-viernes-16-as\/","title":{"rendered":"El Ministerio de Educaci\u00f3n comunic\u00f3 que las clases finalizan el viernes 16 de diciembre"},"content":{"rendered":"<p>La cartera provincial inform\u00f3 que la generalidad de las y los estudiantes deber\u00e1n asistir hasta el viernes 16. Asimismo, del 19 al 21 de diciembre, habr\u00e1 actividades de orientaci\u00f3n para alumnas y alumnos en riesgo pedag\u00f3gico incluidos en el Plan de Acompa\u00f1amiento en el Ciclo Lectivo 2023.<br \/>\nEl Ministerio de Educaci\u00f3n de la Provincia, a trav\u00e9s de la Direcci\u00f3n General de Niveles y Modalidades, emiti\u00f3 la Circular N\u00ba 001\/2022, con el fin de comunicar a las supervisoras y los supervisores t\u00e9cnicos, directoras y directores de las instituciones de los niveles obligatorios y modalidades de todas las direcciones Regionales que las y los estudiantes finalizar\u00e1n las clases el viernes 16 de diciembre.<br \/>\nEsto se da en el marco de la \u201cpriorizaci\u00f3n de la intensificaci\u00f3n de la ense\u00f1anza para aquellos estudiantes que se encuentren en promoci\u00f3n acompa\u00f1ada, y para viabilizar el cierre administrativo de las instituciones educativas\u201d, se\u00f1ala la circular.<br \/>\n La misma indica que en los \u00faltimos d\u00edas del Per\u00edodo Lectivo 2022, desde el 19 y hasta el 21 de diciembre, se desarrollar\u00e1n en las instituciones escolares: las actividades de orientaci\u00f3n, solo con estudiantes en riesgo pedag\u00f3gico incluidos en el Plan de Acompa\u00f1amiento en el Ciclo Lectivo 2023; presentaci\u00f3n\/comunicaci\u00f3n de informes pedag\u00f3gicos y entrega de boletines de calificaciones; actos acad\u00e9micos; y cierre de las actividades administrativas.<br \/>\nCabe se\u00f1alar que el jueves 22 y viernes 23 de diciembre pr\u00f3ximos se realizar\u00e1n las jornadas institucionales correspondientes al Programa de Capacitaci\u00f3n Docente Continua, Gratuita y en Servicio.<br \/>\n DIARIO PRIMERA LINEA.-<\/p>\n","protected":false},"excerpt":{"rendered":"<p>La cartera provincial inform\u00f3 que la generalidad de las y los estudiantes deber\u00e1n asistir hasta el viernes 16. Asimismo, del 19 al 21 de diciembre, habr\u00e1 actividades de orientaci\u00f3n para alumnas y alumnos en riesgo pedag\u00f3gico incluidos en el Plan de Acompa\u00f1amiento en el Ciclo Lectivo 2023. El Ministerio de Educaci\u00f3n de la Provincia, a [&hellip;]<\/p>\n","protected":false},"author":1,"featured_media":17943,"comment_status":"closed","ping_status":"closed","sticky":false,"template":"","format":"standard","meta":{"footnotes":""},"categories":[6],"tags":[],"class_list":{"0":"post-17942","1":"post","2":"type-post","3":"status-publish","4":"format-standard","5":"has-post-thumbnail","7":"category-chaco"},"_links":{"self":[{"href":"https:\/\/chacosintesis.com.ar\/index.php\/wp-json\/wp\/v2\/posts\/17942","targetHints":{"allow":["GET"]}}],"collection":[{"href":"https:\/\/chacosintesis.com.ar\/index.php\/wp-json\/wp\/v2\/posts"}],"about":[{"href":"https:\/\/chacosintesis.com.ar\/index.php\/wp-json\/wp\/v2\/types\/post"}],"author":[{"embeddable":true,"href":"https:\/\/chacosintesis.com.ar\/index.php\/wp-json\/wp\/v2\/users\/1"}],"replies":[{"embeddable":true,"href":"https:\/\/chacosintesis.com.ar\/index.php\/wp-json\/wp\/v2\/comments?post=17942"}],"version-history":[{"count":0,"href":"https:\/\/chacosintesis.com.ar\/index.php\/wp-json\/wp\/v2\/posts\/17942\/revisions"}],"wp:featuredmedia":[{"embeddable":true,"href":"https:\/\/chacosintesis.com.ar\/index.php\/wp-json\/wp\/v2\/media\/17943"}],"wp:attachment":[{"href":"https:\/\/chacosintesis.com.ar\/index.php\/wp-json\/wp\/v2\/media?parent=17942"}],"wp:term":[{"taxonomy":"category","embeddable":true,"href":"https:\/\/chacosintesis.com.ar\/index.php\/wp-json\/wp\/v2\/categories?post=17942"},{"taxonomy":"post_tag","embeddable":true,"href":"https:\/\/chacosintesis.com.ar\/index.php\/wp-json\/wp\/v2\/tags?post=17942"}],"curies":[{"name":"wp","href":"https:\/\/api.w.org\/{rel}","templated":true}]}}