{"id":17940,"date":"2022-12-06T10:03:59","date_gmt":"2022-12-06T13:03:59","guid":{"rendered":"https:\/\/chacosintesis.com.ar\/?p=17940"},"modified":"2022-12-06T10:07:01","modified_gmt":"2022-12-06T13:07:01","slug":"capitanich-se-reunio-con-diputados-para-impulsar-la-aprobacion-del-presupuesto-2023","status":"publish","type":"post","link":"https:\/\/chacosintesis.com.ar\/index.php\/capitanich-se-reunio-con-diputados-para-impulsar-la-aprobacion-del-presupuesto-2023\/","title":{"rendered":"Capitanich se reuni\u00f3 con diputados para impulsar la aprobaci\u00f3n del Presupuesto 2023"},"content":{"rendered":"<p>El gobernador y representantes de la Legislatura chaque\u00f1a definieron este lunes prioridades y analizaron temas que se tratar\u00e1n en las dos sesiones finales de este a\u00f1o. Fueron varios los temas que se abordaron en el encuentro, que reuni\u00f3 a funcionarios del Gobierno provincial y de la C\u00e1mara de Diputados, entre los que se destacaron el Presupuesto 2023, un cr\u00e9dito destinado a Pymes para impulsar el desarrollo productivo en la provincia y el proyecto de Ordenamiento Territorial de Bosques Nativos, entre otros.<\/p>\n<p>El gobernador Jorge Capitanich mantuvo un encuentro con diputados provinciales, a fin de avanzar en la agenda de prioridades y proyectos que se tratar\u00e1n durante las pr\u00f3ximas sesiones legislativas.<br \/>\nEstuvieron presentes la presidenta de la C\u00e1mara, \u00c9lida Cuesta, y los diputados Rodrigo Ocampo, Roberto Acosta, Juan Carlos Ayala, Mariela Quir\u00f3s, Hugo Sager, Claudia Panzardi, Paola Ben\u00edtez, Teresa Cubells, Rodolfo Schwartz, Juan Jos\u00e9 Bergia, Yesica Ayala, Griselda Ojeda Y Andrea Charole; el subsecretario de Gobierno, Ra\u00fal Bittel, y el subsecretario de Ambiente, Tom\u00e1s Camarasa.<br \/>\nAl respecto, el diputado provincial y presidente del interbloque del Frente de Todos, Atlanto Honcheruk, remarc\u00f3 que \u201chubo un consenso generalizado y el mi\u00e9rcoles se va a tratar el tema del Presupuesto, una herramienta que es clave para el desarrollo en el pr\u00f3ximo a\u00f1o\u201d.<\/p>\n<p>Por su parte, el diputado Nicol\u00e1s Slimel sostuvo que \u201cfue una reuni\u00f3n muy importante por todo lo que conlleva un fin de a\u00f1o y por todos los temas en los que buscamos un consenso para las dos sesiones que nos quedan\u201d. Adem\u00e1s, sobre el tema presupuestario para la provincia, afirm\u00f3 que \u201ces esencial para la planificaci\u00f3n estrat\u00e9gica que tiene el Gobierno de cara al pr\u00f3ximo a\u00f1o. Por eso, queremos dejar eso aprobado para llevar previsibilidad no solo al Estado, sino tambi\u00e9n a todos los chaque\u00f1os\u201d.<br \/>\nSeguidamente, Slimel agreg\u00f3 que \u201cnos quedan dos sesiones, el 7 y el 14 de diciembre, y queremos tener todo resuelto antes del cierre, como venimos haciendo desde que asumi\u00f3 este Gobierno. Si uno tiene en cuenta la magnitud de los proyectos presentados, entendemos que vamos a tener el acompa\u00f1amiento y la buena predisposici\u00f3n de la oposici\u00f3n en estas dos \u00faltimas sesiones\u201d.<\/p>\n","protected":false},"excerpt":{"rendered":"<p>El gobernador y representantes de la Legislatura chaque\u00f1a definieron este lunes prioridades y analizaron temas que se tratar\u00e1n en las dos sesiones finales de este a\u00f1o. Fueron varios los temas que se abordaron en el encuentro, que reuni\u00f3 a funcionarios del Gobierno provincial y de la C\u00e1mara de Diputados, entre los que se destacaron el [&hellip;]<\/p>\n","protected":false},"author":1,"featured_media":17941,"comment_status":"closed","ping_status":"closed","sticky":false,"template":"","format":"standard","meta":{"footnotes":""},"categories":[6],"tags":[],"class_list":{"0":"post-17940","1":"post","2":"type-post","3":"status-publish","4":"format-standard","5":"has-post-thumbnail","7":"category-chaco"},"_links":{"self":[{"href":"https:\/\/chacosintesis.com.ar\/index.php\/wp-json\/wp\/v2\/posts\/17940","targetHints":{"allow":["GET"]}}],"collection":[{"href":"https:\/\/chacosintesis.com.ar\/index.php\/wp-json\/wp\/v2\/posts"}],"about":[{"href":"https:\/\/chacosintesis.com.ar\/index.php\/wp-json\/wp\/v2\/types\/post"}],"author":[{"embeddable":true,"href":"https:\/\/chacosintesis.com.ar\/index.php\/wp-json\/wp\/v2\/users\/1"}],"replies":[{"embeddable":true,"href":"https:\/\/chacosintesis.com.ar\/index.php\/wp-json\/wp\/v2\/comments?post=17940"}],"version-history":[{"count":0,"href":"https:\/\/chacosintesis.com.ar\/index.php\/wp-json\/wp\/v2\/posts\/17940\/revisions"}],"wp:featuredmedia":[{"embeddable":true,"href":"https:\/\/chacosintesis.com.ar\/index.php\/wp-json\/wp\/v2\/media\/17941"}],"wp:attachment":[{"href":"https:\/\/chacosintesis.com.ar\/index.php\/wp-json\/wp\/v2\/media?parent=17940"}],"wp:term":[{"taxonomy":"category","embeddable":true,"href":"https:\/\/chacosintesis.com.ar\/index.php\/wp-json\/wp\/v2\/categories?post=17940"},{"taxonomy":"post_tag","embeddable":true,"href":"https:\/\/chacosintesis.com.ar\/index.php\/wp-json\/wp\/v2\/tags?post=17940"}],"curies":[{"name":"wp","href":"https:\/\/api.w.org\/{rel}","templated":true}]}}