{"id":17934,"date":"2022-12-06T08:44:13","date_gmt":"2022-12-06T11:44:13","guid":{"rendered":"https:\/\/chacosintesis.com.ar\/?p=17934"},"modified":"2022-12-06T08:45:31","modified_gmt":"2022-12-06T11:45:31","slug":"llaman-a-vacunarse-ante-un-fuerte-repunte-de-los-contagios","status":"publish","type":"post","link":"https:\/\/chacosintesis.com.ar\/index.php\/llaman-a-vacunarse-ante-un-fuerte-repunte-de-los-contagios\/","title":{"rendered":"Llaman a vacunarse ante un fuerte repunte de los contagios"},"content":{"rendered":"<p>Los casos activos treparon a 48 esta semana. El aumento de casos se esperaba, pero preocupa la poca concurrencia a los vacunatorios.<br \/>\nEl brote de Covid-19 en la provincia pas\u00f3 de ser una posibilidad a una realidad palpable. Y si bien se lo esperaba, tal como lo admiti\u00f3 la ministra de Salud, Carolina Centeno, en declaraciones a NORTE la semana pasada, contin\u00faa generando cierta preocupaci\u00f3n en las autoridades sanitarias la escasa voluntad mostrada por la comunidad para acercarse a los vacunatorios para completar los esquemas que garantizan una inmunizaci\u00f3n m\u00e1s robusta frente al virus o, cuanto menos, reduce significativamente las probabilidades de transcurrir la enfermedad con s\u00edntomas graves.<br \/>\nAUMENTO ESPERADO<br \/>\n\u2018Los casos van a aumentar porque est\u00e1 destinado a que se registre un brote, pero es algo que no se lee como una ola de Covid sino como lo que ocurre actualmente con el brote de gripe, que se traduce en gran demanda en guardias y consultorios pero baja cantidad de internaciones\u2018, se\u00f1al\u00f3 la ministra.<br \/>\nLa funcionaria subray\u00f3 que el coronavirus es hoy considerado un germen estacional, con oscilaciones en las cifras de los nuevos infectados y que ante ello la importancia de aplicarse las inmunizaciones fundamentalmente para quienes, por afecciones previas o por edad, tienen m\u00e1s riesgo del cursado grave de la enfermedad. \u2018A mayor cantidad de vacunados, se reducen las posibilidades de un cursado grave, no suben las internaciones y no se satura la ocupaci\u00f3n de camas\u2018, enlaza la ministra.<br \/>\nESCENARIO EN CIFRAS<br \/>\nHasta ayer, los casos activos en la provincia eran 48.<br \/>\nEl dato m\u00e1s relevante es que no se reportaron decesos durante los \u00faltimos siete d\u00edas, a pesar del incremento personas atravesando la enfermedad.<br \/>\nComparando con las cifras de la semana pasada, la escalada es notable: los casos activos el lunes pasado eran 11 y, hace 15 d\u00edas, s\u00f3lo 2. De todas maneras, no hay que perder de vista que, a\u00fan con este crecimiento, los n\u00fameros est\u00e1n muy lejos de los registrados durante la segunda o la tercena ola de la enfermedad, por eso, desde Salud subraya que se trata de un \u2018brote\u2018 y no una nueva ola.<br \/>\nLos contagios detectados esta semana fueron 90, esto es un 260% m\u00e1s que la anterior, cuando se hab\u00edan registrado 25. Un comportamiento similar tuvieron los testeos, que se duplicaron durante los \u00faltimos 15 d\u00edas, pasando de 562 a 1080.<br \/>\n DiarioNorte.-<\/p>\n","protected":false},"excerpt":{"rendered":"<p>Los casos activos treparon a 48 esta semana. El aumento de casos se esperaba, pero preocupa la poca concurrencia a los vacunatorios. El brote de Covid-19 en la provincia pas\u00f3 de ser una posibilidad a una realidad palpable. Y si bien se lo esperaba, tal como lo admiti\u00f3 la ministra de Salud, Carolina Centeno, en [&hellip;]<\/p>\n","protected":false},"author":1,"featured_media":17935,"comment_status":"closed","ping_status":"closed","sticky":false,"template":"","format":"standard","meta":{"footnotes":""},"categories":[6],"tags":[197],"class_list":{"0":"post-17934","1":"post","2":"type-post","3":"status-publish","4":"format-standard","5":"has-post-thumbnail","7":"category-chaco","8":"tag-destacada"},"_links":{"self":[{"href":"https:\/\/chacosintesis.com.ar\/index.php\/wp-json\/wp\/v2\/posts\/17934","targetHints":{"allow":["GET"]}}],"collection":[{"href":"https:\/\/chacosintesis.com.ar\/index.php\/wp-json\/wp\/v2\/posts"}],"about":[{"href":"https:\/\/chacosintesis.com.ar\/index.php\/wp-json\/wp\/v2\/types\/post"}],"author":[{"embeddable":true,"href":"https:\/\/chacosintesis.com.ar\/index.php\/wp-json\/wp\/v2\/users\/1"}],"replies":[{"embeddable":true,"href":"https:\/\/chacosintesis.com.ar\/index.php\/wp-json\/wp\/v2\/comments?post=17934"}],"version-history":[{"count":0,"href":"https:\/\/chacosintesis.com.ar\/index.php\/wp-json\/wp\/v2\/posts\/17934\/revisions"}],"wp:featuredmedia":[{"embeddable":true,"href":"https:\/\/chacosintesis.com.ar\/index.php\/wp-json\/wp\/v2\/media\/17935"}],"wp:attachment":[{"href":"https:\/\/chacosintesis.com.ar\/index.php\/wp-json\/wp\/v2\/media?parent=17934"}],"wp:term":[{"taxonomy":"category","embeddable":true,"href":"https:\/\/chacosintesis.com.ar\/index.php\/wp-json\/wp\/v2\/categories?post=17934"},{"taxonomy":"post_tag","embeddable":true,"href":"https:\/\/chacosintesis.com.ar\/index.php\/wp-json\/wp\/v2\/tags?post=17934"}],"curies":[{"name":"wp","href":"https:\/\/api.w.org\/{rel}","templated":true}]}}