{"id":17909,"date":"2022-12-03T12:34:38","date_gmt":"2022-12-03T15:34:38","guid":{"rendered":"https:\/\/chacosintesis.com.ar\/?p=17909"},"modified":"2022-12-03T12:36:39","modified_gmt":"2022-12-03T15:36:39","slug":"tres-personas-fallecieron-luego-del-choque-entre-dos-camiones-y-un-colectivo","status":"publish","type":"post","link":"https:\/\/chacosintesis.com.ar\/index.php\/tres-personas-fallecieron-luego-del-choque-entre-dos-camiones-y-un-colectivo\/","title":{"rendered":"Tres personas fallecieron luego del choque entre dos camiones y un colectivo"},"content":{"rendered":"<p>Hay siete personas heridas. La Fiscal\u00eda Penal en turno de Resistencia a cargo de Rosana Soto, tom\u00f3 intervenci+on iniciando actuaciones en la causa \u201cSupuesto Homicidio Culposo en Accidente de Tr\u00e1nsito\u201d.<\/p>\n<p>Dos camiones chocaron y provocaron la colisi\u00f3n de un colectivo que transportaba pasajeros y pasajeras hacia Paraguay.<br \/>\nEl hecho ocurri\u00f3 en la madrugada del s\u00e1bado, cuando dos camiones con acoplado chocaron entre s\u00ed y provocaron la colisi\u00f3n de un colectivo que transportaba a 56 pasajeros  desde Santiago del Estero hacia Paraguay. El siniestro ocurri\u00f3 en el kil\u00f3metro 105 de la Ruta Nacional 16.<br \/>\nTras el incidente, tres personas fallecieron, dos de ellas en el lugar: uno de ellos era el chofer de uno de los camiones y el conductor del colectivo. La tercera v\u00edctima es una pasajera del colectivo que perdi\u00f3 la vida cuando estaba siendo trasladada hacia el Hospital 4 de Junio de S\u00e1enz Pe\u00f1a.<br \/>\nAdem\u00e1s, siete personas resultaron heridas y son atendidas en el hospital de S\u00e1enz Pe\u00f1a. Una mujer de 61 a\u00f1os presenta \u201cTraumatismo Tor\u00e1cico\u201d, otra pasajera de 39 result\u00f3 con \u201cFracturas De Brazos Derecho\u201d. Tambi\u00e9n una ciudadana de 52 result\u00f3 con \u201cTraumatismo Toraco Abdominal Izquierdo\u201d, derivada al nosocomio 4 de junio y posteriormente dada de alta.<br \/>\nAdem\u00e1s, un hombre de 30 a\u00f1os presenta \u201cTraumatismo En La Regi\u00f3n Lumbar Derecho\u201d que tambi\u00e9n fue al Hospital 4 de Junio, por otro lado una mujer de 56 present\u00f3 \u201cHerida Punzo Cortante en codo Izquierdo -Leve\u201d, permanece en el Hospital de Plaza. Una ciudadana de 51 result\u00f3 con \u201cContusi\u00f3n  hombro izquierdo\u201d, permanece internada.<br \/>\nPor otra parte, se registr\u00f3 el ingreso de una mujer de 72, aguardando por sus ex\u00e1menes m\u00e9dicos.<br \/>\nTrabajaron en el lugar personal de Gabinete Cient\u00edfico aboc\u00e1ndose a sus tareas espec\u00edficas. Por \u00faltimo se realizaron tareas de remoci\u00f3n de veh\u00edculos con una gr\u00faa. La Fiscal\u00eda Penal en turno de Resistencia a cargo de Rosana Soto, tom\u00f3 intervenci\u00f3n iniciando actuaciones en la causa \u201cSupuesto Homicidio Culposo en Accidente de Tr\u00e1nsito\u201d.<\/p>\n","protected":false},"excerpt":{"rendered":"<p>Hay siete personas heridas. La Fiscal\u00eda Penal en turno de Resistencia a cargo de Rosana Soto, tom\u00f3 intervenci+on iniciando actuaciones en la causa \u201cSupuesto Homicidio Culposo en Accidente de Tr\u00e1nsito\u201d. Dos camiones chocaron y provocaron la colisi\u00f3n de un colectivo que transportaba pasajeros y pasajeras hacia Paraguay. El hecho ocurri\u00f3 en la madrugada del s\u00e1bado, [&hellip;]<\/p>\n","protected":false},"author":1,"featured_media":17910,"comment_status":"closed","ping_status":"closed","sticky":false,"template":"","format":"standard","meta":{"footnotes":""},"categories":[6],"tags":[],"class_list":{"0":"post-17909","1":"post","2":"type-post","3":"status-publish","4":"format-standard","5":"has-post-thumbnail","7":"category-chaco"},"_links":{"self":[{"href":"https:\/\/chacosintesis.com.ar\/index.php\/wp-json\/wp\/v2\/posts\/17909","targetHints":{"allow":["GET"]}}],"collection":[{"href":"https:\/\/chacosintesis.com.ar\/index.php\/wp-json\/wp\/v2\/posts"}],"about":[{"href":"https:\/\/chacosintesis.com.ar\/index.php\/wp-json\/wp\/v2\/types\/post"}],"author":[{"embeddable":true,"href":"https:\/\/chacosintesis.com.ar\/index.php\/wp-json\/wp\/v2\/users\/1"}],"replies":[{"embeddable":true,"href":"https:\/\/chacosintesis.com.ar\/index.php\/wp-json\/wp\/v2\/comments?post=17909"}],"version-history":[{"count":0,"href":"https:\/\/chacosintesis.com.ar\/index.php\/wp-json\/wp\/v2\/posts\/17909\/revisions"}],"wp:featuredmedia":[{"embeddable":true,"href":"https:\/\/chacosintesis.com.ar\/index.php\/wp-json\/wp\/v2\/media\/17910"}],"wp:attachment":[{"href":"https:\/\/chacosintesis.com.ar\/index.php\/wp-json\/wp\/v2\/media?parent=17909"}],"wp:term":[{"taxonomy":"category","embeddable":true,"href":"https:\/\/chacosintesis.com.ar\/index.php\/wp-json\/wp\/v2\/categories?post=17909"},{"taxonomy":"post_tag","embeddable":true,"href":"https:\/\/chacosintesis.com.ar\/index.php\/wp-json\/wp\/v2\/tags?post=17909"}],"curies":[{"name":"wp","href":"https:\/\/api.w.org\/{rel}","templated":true}]}}